{"id":27199,"date":"2026-04-01T09:57:22","date_gmt":"2026-04-01T07:57:22","guid":{"rendered":"https:\/\/www.eures-andalucia-algarve.eu\/?p=27199"},"modified":"2026-04-28T10:15:31","modified_gmt":"2026-04-28T08:15:31","slug":"arranca-la-sexta-edicion-del-eures-transfronterizo-andalucia-algarvecon-un-proyecto-mas-participativo-y-financiado","status":"publish","type":"post","link":"https:\/\/www.eures-andalucia-algarve.eu\/pt-pt\/arranca-la-sexta-edicion-del-eures-transfronterizo-andalucia-algarvecon-un-proyecto-mas-participativo-y-financiado\/","title":{"rendered":"Arranca la sexta edici\u00f3n del EURES Transfronterizo Andaluc\u00eda-Algarve con m\u00e1s socios y los Foros EURES-T Espa\u00f1a-Portugal como gran apuesta."},"content":{"rendered":"\t\t<div data-elementor-type=\"wp-post\" data-elementor-id=\"27199\" class=\"elementor elementor-27199\">\n\t\t\t\t<div class=\"elementor-element elementor-element-9bd7bdc e-flex e-con-boxed wpr-particle-no wpr-jarallax-no wpr-parallax-no wpr-sticky-section-no e-con e-parent\" data-id=\"9bd7bdc\" data-element_type=\"container\" data-settings=\"{&quot;content_width&quot;:&quot;boxed&quot;}\" data-core-v316-plus=\"true\">\n\t\t\t\t\t<div class=\"e-con-inner\">\n\t\t\t\t<div class=\"elementor-element elementor-element-6614121 elementor-widget elementor-widget-text-editor\" data-id=\"6614121\" data-element_type=\"widget\" data-widget_type=\"text-editor.default\">\n\t\t\t\t<div class=\"elementor-widget-container\">\n\t\t\t<style>\/*! elementor - v3.19.0 - 28-02-2024 *\/\n.elementor-widget-text-editor.elementor-drop-cap-view-stacked .elementor-drop-cap{background-color:#69727d;color:#fff}.elementor-widget-text-editor.elementor-drop-cap-view-framed .elementor-drop-cap{color:#69727d;border:3px solid;background-color:transparent}.elementor-widget-text-editor:not(.elementor-drop-cap-view-default) .elementor-drop-cap{margin-top:8px}.elementor-widget-text-editor:not(.elementor-drop-cap-view-default) .elementor-drop-cap-letter{width:1em;height:1em}.elementor-widget-text-editor .elementor-drop-cap{float:left;text-align:center;line-height:1;font-size:50px}.elementor-widget-text-editor .elementor-drop-cap-letter{display:inline-block}<\/style>\t\t\t\t<p>El partenariado EURES Transfronterizo Andaluc\u00eda\u2013Algarve inici\u00f3 en abril de 2026 la sexta edici\u00f3n de su proyecto de cooperaci\u00f3n para el impulso del empleo y la movilidad laboral en el espacio transfronterizo. Esta nueva fase da continuidad al trabajo desarrollado desde 2017, manteniendo un presupuesto global similar al de la quinta edici\u00f3n, cifrado en 1,4 millones de euros, cofinanciados por el Fondo Social Europeo Plus (ESF+).<\/p><p>La nueva edici\u00f3n refuerza su estructura y gobernanza, ampliando el n\u00famero de entidades que participan como beneficiarias directas del proyecto. Destaca el paso de la Universidad de Huelva (UHU) y la Fundaci\u00f3n Andaluc\u00eda Emprende de la categor\u00eda de entidades asociadas a socias, lo que refuerza notablemente la coordinaci\u00f3n en materia de formaci\u00f3n, pr\u00e1cticas profesionales, emprendimiento y apoyo al tejido productivo.<\/p><p>El partenariado est\u00e1 encabezado por los servicios p\u00fablicos de empleo de ambas regiones \u2014Servicio Andaluz de Empleo (SAE) e Instituto do Emprego e Forma\u00e7\u00e3o Profissional (IEFP Algarve)\u2014 y cuenta con un total de 11 entidades socias que configuran un espacio de colaboraci\u00f3n multisectorial:<\/p><p><b>Socios beneficiarios:<\/b><\/p><ul><li style=\"list-style-type: none;\"><ul><li style=\"list-style-type: none;\"><ul><li>Servicio Andaluz de Empleo (SAE) \u2013 Coordinaci\u00f3n<\/li><\/ul><\/li><\/ul><\/li><\/ul><ul><li style=\"list-style-type: none;\"><ul><li style=\"list-style-type: none;\"><ul><li>Instituto do Emprego e Forma\u00e7\u00e3o Profissional (IEFP Algarve)<\/li><\/ul><\/li><\/ul><\/li><\/ul><ul><li style=\"list-style-type: none;\"><ul><li style=\"list-style-type: none;\"><ul><li>Eurociudad del Guadiana<\/li><\/ul><\/li><\/ul><\/li><\/ul><ul><li style=\"list-style-type: none;\"><ul><li style=\"list-style-type: none;\"><ul><li>Confederaci\u00f3n de Empresarios de Andaluc\u00eda (CEA)<\/li><\/ul><\/li><\/ul><\/li><\/ul><ul><li style=\"list-style-type: none;\"><ul><li style=\"list-style-type: none;\"><ul><li>Comisiones Obreras de Andaluc\u00eda (CCOO-A)<\/li><\/ul><\/li><\/ul><\/li><\/ul><ul><li style=\"list-style-type: none;\"><ul><li style=\"list-style-type: none;\"><ul><li>Fundaci\u00f3n Andaluc\u00eda Emprende<\/li><\/ul><\/li><\/ul><\/li><\/ul><ul><li style=\"list-style-type: none;\"><ul><li style=\"list-style-type: none;\"><ul><li>Associa\u00e7\u00e3o do Com\u00e9rcio e Servi\u00e7os da Regi\u00e3o do Algarve (ACRAL)<\/li><\/ul><\/li><\/ul><\/li><\/ul><ul><li style=\"list-style-type: none;\"><ul><li style=\"list-style-type: none;\"><ul><li>Tert\u00falia Algarvia<\/li><\/ul><\/li><\/ul><\/li><\/ul><ul><li style=\"list-style-type: none;\"><ul><li style=\"list-style-type: none;\"><ul><li>Associa\u00e7\u00e3o ODIANA<\/li><\/ul><\/li><\/ul><\/li><\/ul><ul><li style=\"list-style-type: none;\"><ul><li style=\"list-style-type: none;\"><ul><li>Universidad de Huelva (UHU)<\/li><\/ul><\/li><\/ul><\/li><\/ul><ul><li style=\"list-style-type: none;\"><ul><li style=\"list-style-type: none;\"><ul><li>C\u00e1mara de Comercio de Huelva<\/li><\/ul><\/li><\/ul><\/li><\/ul><p>Asimismo, la cooperaci\u00f3n se complementa con la participaci\u00f3n de entidades asociadas que colaboran el desarrollo de las actividades, entre ellas el SEPE, UAlg, UGT, CGTP, Seguridad Social de Espa\u00f1a y Portugal, AEMPE, NERA, AHETA, C\u00e1mara de Comercio de Ayamonte y otras administraciones con competencias estrat\u00e9gicas en empleo, formaci\u00f3n y cohesi\u00f3n territorial.<\/p><p><b>La estructura del EURES T AA 26-28 se organiza en seis paquetes de trabajo:<\/b><\/p><ol><li>\u00a0Gesti\u00f3n y Coordinaci\u00f3n del Consorcio \u2013 Organizaci\u00f3n, gobernanza, seguimiento y control del proyecto.<\/li><li>Servicios EURES e Intermediaci\u00f3n Laboral y Empresarial \u2013 Informaci\u00f3n, asesoramiento, job-matching, ferias y actividades de reclutamiento.<\/li><li>Educaci\u00f3n, Formaci\u00f3n y Movilidad Formativa Transfronteriza \u2013 Pr\u00e1cticas, cooperaci\u00f3n acad\u00e9mica, impulso a la FP y transici\u00f3n educativa-laboral.<\/li><li>Observatorio Transfronterizo de Empleo y Cultura del Trabajo \u2013 Estudios, an\u00e1lisis, diagn\u00f3sticos, tendencias y soporte para la toma de decisiones.<\/li><li>Comunicaci\u00f3n, Contenidos y Difusi\u00f3n \u2013 Estrategia de comunicaci\u00f3n, campa\u00f1as, eventos, visibilidad del proyecto y proyecci\u00f3n medi\u00e1tica.<\/li><li>Foro EURES-T Espa\u00f1a\u2013Portugal \u2013 Espacio de referencia para el di\u00e1logo institucional y propuestas conjuntas para eliminar barreras a la movilidad.<\/li><\/ol><ol><li style=\"list-style-type: none;\"><ol><li style=\"list-style-type: none;\">\u00a0<\/li><\/ol><\/li><\/ol><p>El Work Package 6 (WP6) es una de las principales novedades del proyecto EURES-T Andaluc\u00eda\u2013Algarve 2026-2028 y responde a la necesidad de reforzar la cooperaci\u00f3n estructurada entre los distintos partenariados transfronterizos EURES de Espa\u00f1a y Portugal. Su creaci\u00f3n supone un avance significativo respecto a ediciones anteriores, al incorporar una dimensi\u00f3n interterritorial estrat\u00e9gica que trasciende el \u00e1mbito bilateral Andaluc\u00eda\u2013Algarve.<\/p><p>Este paquete de trabajo tiene como finalidad generar un espacio estable de di\u00e1logo, coordinaci\u00f3n t\u00e9cnica e institucional y propuesta de soluciones compartidas para los retos comunes en materia de movilidad laboral transfronteriza entre ambos pa\u00edses. Su objetivo \u00faltimo es contribuir a la armonizaci\u00f3n de criterios, el intercambio de buenas pr\u00e1cticas y la eliminaci\u00f3n de barreras administrativas, legales y procedimentales que afectan a las personas trabajadoras y empresas que operan en zonas fronterizas, a trav\u00e9s de la creaci\u00f3n del Foro EURES-T Espa\u00f1a\u2013Portugal, como plataforma permanente de cooperaci\u00f3n entre los distintos EURES Transfronterizos de ambos pa\u00edses. Se configura, por tanto, como un mecanismo innovador de gobernanza transfronteriza, que ampl\u00eda el alcance del proyecto m\u00e1s all\u00e1 del territorio Andaluc\u00eda\u2013Algarve y fortalece la dimensi\u00f3n ib\u00e9rica de la red EURES en el \u00e1mbito transfronterizo.<\/p><p>Otro elemento novedoso es la organizaci\u00f3n de una Feria Anual EURES-T Andaluc\u00eda\u2013Algarve, concebida como un punto de encuentro conjunto de las diversas actividades del partenariado de forma que se promueva la generaci\u00f3n de sinergias de forma eficaz, favoreciendo el impacto en las personas y empresas destinatarias de las acciones de EURES T AA.<\/p><p>Esta nueva edici\u00f3n persigue consolidar los logros alcanzados, intensificar la cooperaci\u00f3n institucional a ambos lados de la frontera y dar un salto cualitativo en \u00e1reas clave como la digitalizaci\u00f3n, la orientaci\u00f3n a colectivos vulnerables, la integraci\u00f3n de j\u00f3venes en el mercado laboral, la promoci\u00f3n del emprendimiento transfronterizo y la preparaci\u00f3n para los retos derivados de la doble transici\u00f3n verde y digital.<\/p><p>\u00a0<\/p>\t\t\t\t\t\t<\/div>\n\t\t\t\t<\/div>\n\t\t\t\t\t<\/div>\n\t\t\t\t<\/div>\n\t\t\t\t<\/div>\n\t\t","protected":false},"excerpt":{"rendered":"<p>El partenariado EURES Transfronterizo Andaluc\u00eda\u2013Algarve inici\u00f3 en abril de 2026 la sexta edici\u00f3n de su proyecto de cooperaci\u00f3n para el impulso del empleo y la movilidad laboral en el espacio transfronterizo. Esta nueva fase da continuidad al trabajo desarrollado desde 2017, manteniendo un presupuesto global similar al de la quinta edici\u00f3n, cifrado en 1,4 millones [&hellip;]<\/p>\n","protected":false},"author":11,"featured_media":27207,"comment_status":"closed","ping_status":"closed","sticky":false,"template":"","format":"standard","meta":{"om_disable_all_campaigns":false,"inline_featured_image":false,"_monsterinsights_skip_tracking":false,"_monsterinsights_sitenote_active":false,"_monsterinsights_sitenote_note":"","_monsterinsights_sitenote_category":0,"cybocfi_hide_featured_image":"","footnotes":"","_links_to":"","_links_to_target":""},"categories":[37],"tags":[176,879,189,832],"aioseo_notices":[],"_links":{"self":[{"href":"https:\/\/www.eures-andalucia-algarve.eu\/pt-pt\/wp-json\/wp\/v2\/posts\/27199"}],"collection":[{"href":"https:\/\/www.eures-andalucia-algarve.eu\/pt-pt\/wp-json\/wp\/v2\/posts"}],"about":[{"href":"https:\/\/www.eures-andalucia-algarve.eu\/pt-pt\/wp-json\/wp\/v2\/types\/post"}],"author":[{"embeddable":true,"href":"https:\/\/www.eures-andalucia-algarve.eu\/pt-pt\/wp-json\/wp\/v2\/users\/11"}],"replies":[{"embeddable":true,"href":"https:\/\/www.eures-andalucia-algarve.eu\/pt-pt\/wp-json\/wp\/v2\/comments?post=27199"}],"version-history":[{"count":5,"href":"https:\/\/www.eures-andalucia-algarve.eu\/pt-pt\/wp-json\/wp\/v2\/posts\/27199\/revisions"}],"predecessor-version":[{"id":27204,"href":"https:\/\/www.eures-andalucia-algarve.eu\/pt-pt\/wp-json\/wp\/v2\/posts\/27199\/revisions\/27204"}],"wp:featuredmedia":[{"embeddable":true,"href":"https:\/\/www.eures-andalucia-algarve.eu\/pt-pt\/wp-json\/wp\/v2\/media\/27207"}],"wp:attachment":[{"href":"https:\/\/www.eures-andalucia-algarve.eu\/pt-pt\/wp-json\/wp\/v2\/media?parent=27199"}],"wp:term":[{"taxonomy":"category","embeddable":true,"href":"https:\/\/www.eures-andalucia-algarve.eu\/pt-pt\/wp-json\/wp\/v2\/categories?post=27199"},{"taxonomy":"post_tag","embeddable":true,"href":"https:\/\/www.eures-andalucia-algarve.eu\/pt-pt\/wp-json\/wp\/v2\/tags?post=27199"}],"curies":[{"name":"wp","href":"https:\/\/api.w.org\/{rel}","templated":true}]}}