{"id":26420,"date":"2025-10-26T18:01:03","date_gmt":"2025-10-26T17:01:03","guid":{"rendered":"https:\/\/www.eures-andalucia-algarve.eu\/eventos-eures-t-aa-realizado-o-i-forum-dialogos-laborais-transfronteiricos-organizado-pela-eurocidade-do-guadiana\/"},"modified":"2026-01-26T18:10:49","modified_gmt":"2026-01-26T17:10:49","slug":"eventos-eures-t-aa-realizado-o-i-forum-dialogos-laborais-transfronteiricos-organizado-pela-eurocidade-do-guadiana","status":"publish","type":"post","link":"https:\/\/www.eures-andalucia-algarve.eu\/pt-pt\/eventos-eures-t-aa-realizado-o-i-forum-dialogos-laborais-transfronteiricos-organizado-pela-eurocidade-do-guadiana\/","title":{"rendered":"Eventos EURES-T AA: Realizado o I F\u00f3rum Di\u00e1logos Laborais Transfronteiri\u00e7os organizado pela Eurocidade do Guadiana"},"content":{"rendered":"\t\t<div data-elementor-type=\"wp-post\" data-elementor-id=\"26420\" class=\"elementor elementor-26420 elementor-26410\">\n\t\t\t\t<div class=\"elementor-element elementor-element-21b9043 e-flex e-con-boxed wpr-particle-no wpr-jarallax-no wpr-parallax-no wpr-sticky-section-no e-con e-parent\" data-id=\"21b9043\" data-element_type=\"container\" data-settings=\"{&quot;content_width&quot;:&quot;boxed&quot;}\" data-core-v316-plus=\"true\">\n\t\t\t\t\t<div class=\"e-con-inner\">\n\t\t\t\t<div class=\"elementor-element elementor-element-107756e elementor-widget elementor-widget-image\" data-id=\"107756e\" data-element_type=\"widget\" data-widget_type=\"image.default\">\n\t\t\t\t<div class=\"elementor-widget-container\">\n\t\t\t<style>\/*! elementor - v3.19.0 - 28-02-2024 *\/\n.elementor-widget-image{text-align:center}.elementor-widget-image a{display:inline-block}.elementor-widget-image a img[src$=\".svg\"]{width:48px}.elementor-widget-image img{vertical-align:middle;display:inline-block}<\/style>\t\t\t\t\t\t\t<figure class=\"wp-caption\">\n\t\t\t\t\t\t\t\t\t\t<img fetchpriority=\"high\" decoding=\"async\" width=\"768\" height=\"432\" src=\"https:\/\/www.eures-andalucia-algarve.eu\/wp-content\/uploads\/2026\/10\/foro-eurociudad-768x432.jpg\" class=\"attachment-medium_large size-medium_large wp-image-26414\" alt=\"\" srcset=\"https:\/\/www.eures-andalucia-algarve.eu\/wp-content\/uploads\/2026\/10\/foro-eurociudad-768x432.jpg 768w, https:\/\/www.eures-andalucia-algarve.eu\/wp-content\/uploads\/2026\/10\/foro-eurociudad-300x169.jpg 300w, https:\/\/www.eures-andalucia-algarve.eu\/wp-content\/uploads\/2026\/10\/foro-eurociudad-1024x576.jpg 1024w, https:\/\/www.eures-andalucia-algarve.eu\/wp-content\/uploads\/2026\/10\/foro-eurociudad-1536x864.jpg 1536w, https:\/\/www.eures-andalucia-algarve.eu\/wp-content\/uploads\/2026\/10\/foro-eurociudad.jpg 1600w\" sizes=\"(max-width: 768px) 100vw, 768px\" \/>\t\t\t\t\t\t\t\t\t\t\t<figcaption class=\"widget-image-caption wp-caption-text\"><\/figcaption>\n\t\t\t\t\t\t\t\t\t\t<\/figure>\n\t\t\t\t\t\t\t<\/div>\n\t\t\t\t<\/div>\n\t\t\t\t\t<\/div>\n\t\t\t\t<\/div>\n\t\t<div class=\"elementor-element elementor-element-9bd7bdc e-flex e-con-boxed wpr-particle-no wpr-jarallax-no wpr-parallax-no wpr-sticky-section-no e-con e-parent\" data-id=\"9bd7bdc\" data-element_type=\"container\" data-settings=\"{&quot;content_width&quot;:&quot;boxed&quot;}\" data-core-v316-plus=\"true\">\n\t\t\t\t\t<div class=\"e-con-inner\">\n\t\t\t\t<div class=\"elementor-element elementor-element-6614121 elementor-widget elementor-widget-text-editor\" data-id=\"6614121\" data-element_type=\"widget\" data-widget_type=\"text-editor.default\">\n\t\t\t\t<div class=\"elementor-widget-container\">\n\t\t\t<style>\/*! elementor - v3.19.0 - 28-02-2024 *\/\n.elementor-widget-text-editor.elementor-drop-cap-view-stacked .elementor-drop-cap{background-color:#69727d;color:#fff}.elementor-widget-text-editor.elementor-drop-cap-view-framed .elementor-drop-cap{color:#69727d;border:3px solid;background-color:transparent}.elementor-widget-text-editor:not(.elementor-drop-cap-view-default) .elementor-drop-cap{margin-top:8px}.elementor-widget-text-editor:not(.elementor-drop-cap-view-default) .elementor-drop-cap-letter{width:1em;height:1em}.elementor-widget-text-editor .elementor-drop-cap{float:left;text-align:center;line-height:1;font-size:50px}.elementor-widget-text-editor .elementor-drop-cap-letter{display:inline-block}<\/style>\t\t\t\t<div dir=\"auto\">O Centro de Congressos de Ayamonte acolheu, no passado dia 21 de outubro, o I \ud835\udc05\ud835\udc28\ud835\udc2b\ud835\udc28 \ud835\udc03\ud835\udc22\ud835\udc1a\u0301\ud835\udc25\ud835\udc28\ud835\udc20\ud835\udc28\ud835\udc2c \ud835\udc0b\ud835\udc1a\ud835\udc1b\ud835\udc28\ud835\udc2b\ud835\udc1a \ud835\udc25\ud835\udc1e\ud835\udc2c \ud835\udc13\ud835\udc2b\ud835\udc1a\ud835\udc27\ud835\udc2c\ud835\udc1f\ud835\udc2b\ud835\udc28\ud835\udc27\ud835\udc2d\ud835\udc1e\ud835\udc2b\ud835\udc22\ud835\udc33\ud835\udc28\ud835\udc2c, uma ferramenta do projeto Eures Transfronterizo Andaluc\u00eda Algarve, no qual foram abordados tr\u00eas problemas para a mobilidade transfronteiri\u00e7a (mobilidade e transportes; equival\u00eancias e homologa\u00e7\u00f5es de t\u00edtulos; e teletrabalho e n\u00f3madas digitais no espa\u00e7o transfronteiri\u00e7o) e, ap\u00f3s uma exposi\u00e7\u00e3o inicial, diferentes especialistas tentaram apresentar solu\u00e7\u00f5es para os mesmos.<\/div>\n<div dir=\"auto\">Participaram as universidades de Huelva e do Algarve, o Servi\u00e7o Andaluz de Emprego e o Instituto de Emprego e Forma\u00e7\u00e3o Profissional de Portugal, o Centro Andaluz de Empreendedorismo CADE, as Comiss\u00f5es Oper\u00e1rias da Andaluzia e a Eurocidade do Guadiana.<\/div>\t\t\t\t\t\t<\/div>\n\t\t\t\t<\/div>\n\t\t\t\t\t<\/div>\n\t\t\t\t<\/div>\n\t\t\t\t<\/div>\n\t\t","protected":false},"excerpt":{"rendered":"<p>O Centro de Congressos de Ayamonte acolheu, no passado dia 21 de outubro, o I \ud835\udc05\ud835\udc28\ud835\udc2b\ud835\udc28 \ud835\udc03\ud835\udc22\ud835\udc1a\u0301\ud835\udc25\ud835\udc28\ud835\udc20\ud835\udc28\ud835\udc2c \ud835\udc0b\ud835\udc1a\ud835\udc1b\ud835\udc28\ud835\udc2b\ud835\udc1a \ud835\udc25\ud835\udc1e\ud835\udc2c \ud835\udc13\ud835\udc2b\ud835\udc1a\ud835\udc27\ud835\udc2c\ud835\udc1f\ud835\udc2b\ud835\udc28\ud835\udc27\ud835\udc2d\ud835\udc1e\ud835\udc2b\ud835\udc22\ud835\udc33\ud835\udc28\ud835\udc2c, uma ferramenta do projeto Eures Transfronterizo Andaluc\u00eda Algarve, no qual foram abordados tr\u00eas problemas para a mobilidade transfronteiri\u00e7a (mobilidade e transportes; equival\u00eancias e homologa\u00e7\u00f5es de t\u00edtulos; e teletrabalho e n\u00f3madas digitais no espa\u00e7o transfronteiri\u00e7o) e, [&hellip;]<\/p>\n","protected":false},"author":11,"featured_media":26412,"comment_status":"closed","ping_status":"closed","sticky":false,"template":"","format":"standard","meta":{"om_disable_all_campaigns":false,"inline_featured_image":false,"_monsterinsights_skip_tracking":false,"_monsterinsights_sitenote_active":false,"_monsterinsights_sitenote_note":"","_monsterinsights_sitenote_category":0,"cybocfi_hide_featured_image":"","footnotes":"","_links_to":"","_links_to_target":""},"categories":[249],"tags":[301,882,1241,1242,282,835,430,1134],"aioseo_notices":[],"_links":{"self":[{"href":"https:\/\/www.eures-andalucia-algarve.eu\/pt-pt\/wp-json\/wp\/v2\/posts\/26420"}],"collection":[{"href":"https:\/\/www.eures-andalucia-algarve.eu\/pt-pt\/wp-json\/wp\/v2\/posts"}],"about":[{"href":"https:\/\/www.eures-andalucia-algarve.eu\/pt-pt\/wp-json\/wp\/v2\/types\/post"}],"author":[{"embeddable":true,"href":"https:\/\/www.eures-andalucia-algarve.eu\/pt-pt\/wp-json\/wp\/v2\/users\/11"}],"replies":[{"embeddable":true,"href":"https:\/\/www.eures-andalucia-algarve.eu\/pt-pt\/wp-json\/wp\/v2\/comments?post=26420"}],"version-history":[{"count":1,"href":"https:\/\/www.eures-andalucia-algarve.eu\/pt-pt\/wp-json\/wp\/v2\/posts\/26420\/revisions"}],"predecessor-version":[{"id":26421,"href":"https:\/\/www.eures-andalucia-algarve.eu\/pt-pt\/wp-json\/wp\/v2\/posts\/26420\/revisions\/26421"}],"wp:featuredmedia":[{"embeddable":true,"href":"https:\/\/www.eures-andalucia-algarve.eu\/pt-pt\/wp-json\/wp\/v2\/media\/26412"}],"wp:attachment":[{"href":"https:\/\/www.eures-andalucia-algarve.eu\/pt-pt\/wp-json\/wp\/v2\/media?parent=26420"}],"wp:term":[{"taxonomy":"category","embeddable":true,"href":"https:\/\/www.eures-andalucia-algarve.eu\/pt-pt\/wp-json\/wp\/v2\/categories?post=26420"},{"taxonomy":"post_tag","embeddable":true,"href":"https:\/\/www.eures-andalucia-algarve.eu\/pt-pt\/wp-json\/wp\/v2\/tags?post=26420"}],"curies":[{"name":"wp","href":"https:\/\/api.w.org\/{rel}","templated":true}]}}