{"id":26301,"date":"2025-10-22T19:31:47","date_gmt":"2025-10-22T17:31:47","guid":{"rendered":"https:\/\/www.eures-andalucia-algarve.eu\/eventos-eures-t-aa-realizada-a-reuniao-csir-andaluzia-algarve-para-debater-o-emprego-em-ambos-os-lados-da-fronteira\/"},"modified":"2026-01-22T19:47:52","modified_gmt":"2026-01-22T18:47:52","slug":"eventos-eures-t-aa-realizada-a-reuniao-csir-andaluzia-algarve-para-debater-o-emprego-em-ambos-os-lados-da-fronteira","status":"publish","type":"post","link":"https:\/\/www.eures-andalucia-algarve.eu\/pt-pt\/eventos-eures-t-aa-realizada-a-reuniao-csir-andaluzia-algarve-para-debater-o-emprego-em-ambos-os-lados-da-fronteira\/","title":{"rendered":"Eventos EURES-T AA: Realizada a reuni\u00e3o CSIR Andaluzia-Algarve para debater o emprego em ambos os lados da fronteira"},"content":{"rendered":"\t\t<div data-elementor-type=\"wp-post\" data-elementor-id=\"26301\" class=\"elementor elementor-26301 elementor-26287\">\n\t\t\t\t<div class=\"elementor-element elementor-element-2897dfb e-flex e-con-boxed wpr-particle-no wpr-jarallax-no wpr-parallax-no wpr-sticky-section-no e-con e-parent\" data-id=\"2897dfb\" data-element_type=\"container\" data-settings=\"{&quot;content_width&quot;:&quot;boxed&quot;}\" data-core-v316-plus=\"true\">\n\t\t\t\t\t<div class=\"e-con-inner\">\n\t\t<div class=\"elementor-element elementor-element-b1a8397 e-con-full e-flex wpr-particle-no wpr-jarallax-no wpr-parallax-no wpr-sticky-section-no e-con e-child\" data-id=\"b1a8397\" data-element_type=\"container\" data-settings=\"{&quot;content_width&quot;:&quot;full&quot;}\">\n\t\t\t\t<div class=\"elementor-element elementor-element-1f42d5f elementor-widget elementor-widget-text-editor\" data-id=\"1f42d5f\" data-element_type=\"widget\" data-widget_type=\"text-editor.default\">\n\t\t\t\t<div class=\"elementor-widget-container\">\n\t\t\t<style>\/*! elementor - v3.19.0 - 28-02-2024 *\/\n.elementor-widget-text-editor.elementor-drop-cap-view-stacked .elementor-drop-cap{background-color:#69727d;color:#fff}.elementor-widget-text-editor.elementor-drop-cap-view-framed .elementor-drop-cap{color:#69727d;border:3px solid;background-color:transparent}.elementor-widget-text-editor:not(.elementor-drop-cap-view-default) .elementor-drop-cap{margin-top:8px}.elementor-widget-text-editor:not(.elementor-drop-cap-view-default) .elementor-drop-cap-letter{width:1em;height:1em}.elementor-widget-text-editor .elementor-drop-cap{float:left;text-align:center;line-height:1;font-size:50px}.elementor-widget-text-editor .elementor-drop-cap-letter{display:inline-block}<\/style>\t\t\t\t\t\t\t\t\t\t<\/div>\n\t\t\t\t<\/div>\n\t\t\t\t<\/div>\n\t\t\t\t\t<\/div>\n\t\t\t\t<\/div>\n\t\t<div class=\"elementor-element elementor-element-0e2f482 e-flex e-con-boxed wpr-particle-no wpr-jarallax-no wpr-parallax-no wpr-sticky-section-no e-con e-parent\" data-id=\"0e2f482\" data-element_type=\"container\" data-settings=\"{&quot;content_width&quot;:&quot;boxed&quot;}\" data-core-v316-plus=\"true\">\n\t\t\t\t\t<div class=\"e-con-inner\">\n\t\t<div class=\"elementor-element elementor-element-ab69145 e-con-full e-flex wpr-particle-no wpr-jarallax-no wpr-parallax-no wpr-sticky-section-no e-con e-child\" data-id=\"ab69145\" data-element_type=\"container\" data-settings=\"{&quot;content_width&quot;:&quot;full&quot;}\">\n\t\t\t\t<div class=\"elementor-element elementor-element-21e94b7 elementor-widget__width-initial elementor-widget elementor-widget-image\" data-id=\"21e94b7\" data-element_type=\"widget\" data-widget_type=\"image.default\">\n\t\t\t\t<div class=\"elementor-widget-container\">\n\t\t\t<style>\/*! elementor - v3.19.0 - 28-02-2024 *\/\n.elementor-widget-image{text-align:center}.elementor-widget-image a{display:inline-block}.elementor-widget-image a img[src$=\".svg\"]{width:48px}.elementor-widget-image img{vertical-align:middle;display:inline-block}<\/style>\t\t\t\t\t\t\t\t\t\t<img fetchpriority=\"high\" decoding=\"async\" width=\"900\" height=\"506\" src=\"https:\/\/www.eures-andalucia-algarve.eu\/wp-content\/uploads\/2025\/10\/ef940db7-6c40-4a8c-a9ee-e4d95814760e-1024x576.jpg\" class=\"attachment-large size-large wp-image-25598\" alt=\"\" srcset=\"https:\/\/www.eures-andalucia-algarve.eu\/wp-content\/uploads\/2025\/10\/ef940db7-6c40-4a8c-a9ee-e4d95814760e-1024x576.jpg 1024w, https:\/\/www.eures-andalucia-algarve.eu\/wp-content\/uploads\/2025\/10\/ef940db7-6c40-4a8c-a9ee-e4d95814760e-300x169.jpg 300w, https:\/\/www.eures-andalucia-algarve.eu\/wp-content\/uploads\/2025\/10\/ef940db7-6c40-4a8c-a9ee-e4d95814760e-768x432.jpg 768w, https:\/\/www.eures-andalucia-algarve.eu\/wp-content\/uploads\/2025\/10\/ef940db7-6c40-4a8c-a9ee-e4d95814760e-1536x864.jpg 1536w, https:\/\/www.eures-andalucia-algarve.eu\/wp-content\/uploads\/2025\/10\/ef940db7-6c40-4a8c-a9ee-e4d95814760e.jpg 1824w\" sizes=\"(max-width: 900px) 100vw, 900px\" \/>\t\t\t\t\t\t\t\t\t\t\t\t\t<\/div>\n\t\t\t\t<\/div>\n\t\t\t\t<div class=\"elementor-element elementor-element-c0e4522 elementor-widget__width-initial elementor-widget elementor-widget-image\" data-id=\"c0e4522\" data-element_type=\"widget\" data-widget_type=\"image.default\">\n\t\t\t\t<div class=\"elementor-widget-container\">\n\t\t\t\t\t\t\t\t\t\t\t\t\t<img decoding=\"async\" width=\"800\" height=\"522\" src=\"https:\/\/www.eures-andalucia-algarve.eu\/wp-content\/uploads\/2026\/01\/inaug-CSIR-and-alg.jpg\" class=\"attachment-large size-large wp-image-26288\" alt=\"\" srcset=\"https:\/\/www.eures-andalucia-algarve.eu\/wp-content\/uploads\/2026\/01\/inaug-CSIR-and-alg.jpg 800w, https:\/\/www.eures-andalucia-algarve.eu\/wp-content\/uploads\/2026\/01\/inaug-CSIR-and-alg-300x196.jpg 300w, https:\/\/www.eures-andalucia-algarve.eu\/wp-content\/uploads\/2026\/01\/inaug-CSIR-and-alg-768x501.jpg 768w\" sizes=\"(max-width: 800px) 100vw, 800px\" \/>\t\t\t\t\t\t\t\t\t\t\t\t\t<\/div>\n\t\t\t\t<\/div>\n\t\t\t\t<\/div>\n\t\t<div class=\"elementor-element elementor-element-3c94dc0 e-con-full e-flex wpr-particle-no wpr-jarallax-no wpr-parallax-no wpr-sticky-section-no e-con e-child\" data-id=\"3c94dc0\" data-element_type=\"container\" data-settings=\"{&quot;content_width&quot;:&quot;full&quot;}\">\n\t\t\t\t<div class=\"elementor-element elementor-element-77d643c elementor-widget elementor-widget-text-editor\" data-id=\"77d643c\" data-element_type=\"widget\" data-widget_type=\"text-editor.default\">\n\t\t\t\t<div class=\"elementor-widget-container\">\n\t\t\t\t\t\t\t<p>O munic\u00edpio de Ayamonte (Huelva) acolheu, nos dias 22 e 23 de outubro, uma reuni\u00e3o do Comit\u00e9 Sindical Interregional (CSIR) Andaluzia-Algarve, com a presen\u00e7a dos sindicatos que o comp\u00f5em \u2014 CCOO da Andaluzia, UGT Andaluzia, UGTP Algarve e Uni\u00e3o dos Sindicatos do Algarve\/CGTP-In \u2014 para abordar os \u00abproblemas que os trabalhadores transfronteiri\u00e7os enfrentam no seu dia-a-dia laboral\u00bb e que \u00abdificultam o seu direito ao trabalho no desempenho das suas fun\u00e7\u00f5es em ambos os lados da fronteira\u00bb.<\/p>\n<p>O evento foi organizado pela CCOO e est\u00e1 inserido no projeto EURES Transfronterizo Andaluc\u00eda-Algarve, financiado pelo Fundo Social Europeu+.<\/p>\n<p>A este respeito, a secret\u00e1ria-geral do CCOO de Huelva, Julia Perea, afirmou que os problemas que unem os sindicatos de ambos os lados da fronteira s\u00e3o praticamente os mesmos: deteriora\u00e7\u00e3o dos servi\u00e7os p\u00fablicos, aumento do pre\u00e7o da habita\u00e7\u00e3o que impossibilita os trabalhadores e as trabalhadoras de se tornarem independentes e os jovens de terem um projeto de vida, precariedade laboral e baixos sal\u00e1rios. Nesse sentido, espera que este encontro \u00abseja satisfat\u00f3rio e termine com linhas de trabalho comuns que nos permitam continuar a coordenar e a colaborar em estrat\u00e9gias sindicais que beneficiem os trabalhadores\u00bb. <\/p>\n\t\t\t\t\t\t<\/div>\n\t\t\t\t<\/div>\n\t\t\t\t<\/div>\n\t\t\t\t\t<\/div>\n\t\t\t\t<\/div>\n\t\t\t\t<\/div>\n\t\t","protected":false},"excerpt":{"rendered":"<p>O munic\u00edpio de Ayamonte (Huelva) acolheu, nos dias 22 e 23 de outubro, uma reuni\u00e3o do Comit\u00e9 Sindical Interregional (CSIR) Andaluzia-Algarve, com a presen\u00e7a dos sindicatos que o comp\u00f5em \u2014 CCOO da Andaluzia, UGT Andaluzia, UGTP Algarve e Uni\u00e3o dos Sindicatos do Algarve\/CGTP-In \u2014 para abordar os \u00abproblemas que os trabalhadores transfronteiri\u00e7os enfrentam no seu [&hellip;]<\/p>\n","protected":false},"author":11,"featured_media":26289,"comment_status":"closed","ping_status":"closed","sticky":false,"template":"","format":"standard","meta":{"om_disable_all_campaigns":false,"inline_featured_image":false,"_monsterinsights_skip_tracking":false,"_monsterinsights_sitenote_active":false,"_monsterinsights_sitenote_note":"","_monsterinsights_sitenote_category":0,"cybocfi_hide_featured_image":"","footnotes":"","_links_to":"","_links_to_target":""},"categories":[249,250],"tags":[347,496,433,259,835,495,1220],"aioseo_notices":[],"_links":{"self":[{"href":"https:\/\/www.eures-andalucia-algarve.eu\/pt-pt\/wp-json\/wp\/v2\/posts\/26301"}],"collection":[{"href":"https:\/\/www.eures-andalucia-algarve.eu\/pt-pt\/wp-json\/wp\/v2\/posts"}],"about":[{"href":"https:\/\/www.eures-andalucia-algarve.eu\/pt-pt\/wp-json\/wp\/v2\/types\/post"}],"author":[{"embeddable":true,"href":"https:\/\/www.eures-andalucia-algarve.eu\/pt-pt\/wp-json\/wp\/v2\/users\/11"}],"replies":[{"embeddable":true,"href":"https:\/\/www.eures-andalucia-algarve.eu\/pt-pt\/wp-json\/wp\/v2\/comments?post=26301"}],"version-history":[{"count":3,"href":"https:\/\/www.eures-andalucia-algarve.eu\/pt-pt\/wp-json\/wp\/v2\/posts\/26301\/revisions"}],"predecessor-version":[{"id":26304,"href":"https:\/\/www.eures-andalucia-algarve.eu\/pt-pt\/wp-json\/wp\/v2\/posts\/26301\/revisions\/26304"}],"wp:featuredmedia":[{"embeddable":true,"href":"https:\/\/www.eures-andalucia-algarve.eu\/pt-pt\/wp-json\/wp\/v2\/media\/26289"}],"wp:attachment":[{"href":"https:\/\/www.eures-andalucia-algarve.eu\/pt-pt\/wp-json\/wp\/v2\/media?parent=26301"}],"wp:term":[{"taxonomy":"category","embeddable":true,"href":"https:\/\/www.eures-andalucia-algarve.eu\/pt-pt\/wp-json\/wp\/v2\/categories?post=26301"},{"taxonomy":"post_tag","embeddable":true,"href":"https:\/\/www.eures-andalucia-algarve.eu\/pt-pt\/wp-json\/wp\/v2\/tags?post=26301"}],"curies":[{"name":"wp","href":"https:\/\/api.w.org\/{rel}","templated":true}]}}