{"id":26100,"date":"2025-12-07T12:32:54","date_gmt":"2025-12-07T11:32:54","guid":{"rendered":"https:\/\/www.eures-andalucia-algarve.eu\/eventos-eures-t-aa-apresentacao-dos-resultados-do-estudo-sobre-as-necessidades-de-formacao\/"},"modified":"2025-12-07T13:07:39","modified_gmt":"2025-12-07T12:07:39","slug":"eventos-eures-t-aa-apresentacao-dos-resultados-do-estudo-sobre-as-necessidades-de-formacao","status":"publish","type":"post","link":"https:\/\/www.eures-andalucia-algarve.eu\/pt-pt\/eventos-eures-t-aa-apresentacao-dos-resultados-do-estudo-sobre-as-necessidades-de-formacao\/","title":{"rendered":"Eventos EURES-T AA: Apresenta\u00e7\u00e3o dos resultados do estudo sobre as necessidades de forma\u00e7\u00e3o na C\u00e2mara de Com\u00e9rcio de Huelva"},"content":{"rendered":"\t\t<div data-elementor-type=\"wp-post\" data-elementor-id=\"26100\" class=\"elementor elementor-26100 elementor-26089\">\n\t\t\t\t<div class=\"elementor-element elementor-element-2897dfb e-flex e-con-boxed wpr-particle-no wpr-jarallax-no wpr-parallax-no wpr-sticky-section-no e-con e-parent\" data-id=\"2897dfb\" data-element_type=\"container\" data-settings=\"{&quot;content_width&quot;:&quot;boxed&quot;}\" data-core-v316-plus=\"true\">\n\t\t\t\t\t<div class=\"e-con-inner\">\n\t\t<div class=\"elementor-element elementor-element-b1a8397 e-con-full e-flex wpr-particle-no wpr-jarallax-no wpr-parallax-no wpr-sticky-section-no e-con e-child\" data-id=\"b1a8397\" data-element_type=\"container\" data-settings=\"{&quot;content_width&quot;:&quot;full&quot;}\">\n\t\t\t\t<div class=\"elementor-element elementor-element-1f42d5f elementor-widget elementor-widget-text-editor\" data-id=\"1f42d5f\" data-element_type=\"widget\" data-widget_type=\"text-editor.default\">\n\t\t\t\t<div class=\"elementor-widget-container\">\n\t\t\t<style>\/*! elementor - v3.19.0 - 28-02-2024 *\/\n.elementor-widget-text-editor.elementor-drop-cap-view-stacked .elementor-drop-cap{background-color:#69727d;color:#fff}.elementor-widget-text-editor.elementor-drop-cap-view-framed .elementor-drop-cap{color:#69727d;border:3px solid;background-color:transparent}.elementor-widget-text-editor:not(.elementor-drop-cap-view-default) .elementor-drop-cap{margin-top:8px}.elementor-widget-text-editor:not(.elementor-drop-cap-view-default) .elementor-drop-cap-letter{width:1em;height:1em}.elementor-widget-text-editor .elementor-drop-cap{float:left;text-align:center;line-height:1;font-size:50px}.elementor-widget-text-editor .elementor-drop-cap-letter{display:inline-block}<\/style>\t\t\t\t\t\t\t\t\t\t<\/div>\n\t\t\t\t<\/div>\n\t\t\t\t<\/div>\n\t\t\t\t\t<\/div>\n\t\t\t\t<\/div>\n\t\t<div class=\"elementor-element elementor-element-0e2f482 e-flex e-con-boxed wpr-particle-no wpr-jarallax-no wpr-parallax-no wpr-sticky-section-no e-con e-parent\" data-id=\"0e2f482\" data-element_type=\"container\" data-settings=\"{&quot;content_width&quot;:&quot;boxed&quot;}\" data-core-v316-plus=\"true\">\n\t\t\t\t\t<div class=\"e-con-inner\">\n\t\t<div class=\"elementor-element elementor-element-3c94dc0 e-con-full e-flex wpr-particle-no wpr-jarallax-no wpr-parallax-no wpr-sticky-section-no e-con e-child\" data-id=\"3c94dc0\" data-element_type=\"container\" data-settings=\"{&quot;content_width&quot;:&quot;full&quot;}\">\n\t\t\t\t<div class=\"elementor-element elementor-element-77d643c elementor-widget elementor-widget-text-editor\" data-id=\"77d643c\" data-element_type=\"widget\" data-widget_type=\"text-editor.default\">\n\t\t\t\t<div class=\"elementor-widget-container\">\n\t\t\t\t\t\t\t<p>Nesta quinta-feira, 11 de dezembro, ser\u00e1 realizada no edif\u00edcio La Nao da C\u00e2mara de Com\u00e9rcio de Huelva a apresenta\u00e7\u00e3o dos resultados do estudo sobre as necessidades de forma\u00e7\u00e3o para a Transi\u00e7\u00e3o Ecol\u00f3gica e a Transforma\u00e7\u00e3o Digital, organizado pela C\u00e2mara de Com\u00e9rcio de Huelva e pelo projeto EURES T Andaluzia Algarve.<\/p>\n<p>O objetivo do projeto \u00e9 identificar as necessidades dos profissionais formados em ambas as regi\u00f5es para a adapta\u00e7\u00e3o das suas compet\u00eancias laborais, melhorando a sua empregabilidade e adaptando-as \u00e0s exig\u00eancias das empresas, bem como promover o interc\u00e2mbio de talentos e facilitar o trabalho transfronteiri\u00e7o. Tudo isto permitir\u00e1 oferecer uma proposta de a\u00e7\u00f5es formativas que ser\u00e1 transmitida \u00e0s organiza\u00e7\u00f5es competentes. <\/p>\n<p>O evento contar\u00e1 com palestrantes e representantes da Dire\u00e7\u00e3o Provincial do SAE de Huelva e Sevilha e do IEFP (Instituto do Emprego e Forma\u00e7\u00e3o Profissional) portugu\u00eas, bem como do mundo empresarial e sindical.<\/p><\/p>\n\t\t\t\t\t\t<\/div>\n\t\t\t\t<\/div>\n\t\t\t\t<\/div>\n\t\t<div class=\"elementor-element elementor-element-ab69145 e-con-full e-flex wpr-particle-no wpr-jarallax-no wpr-parallax-no wpr-sticky-section-no e-con e-child\" data-id=\"ab69145\" data-element_type=\"container\" data-settings=\"{&quot;content_width&quot;:&quot;full&quot;}\">\n\t\t\t\t<div class=\"elementor-element elementor-element-21e94b7 elementor-widget__width-initial elementor-widget elementor-widget-image\" data-id=\"21e94b7\" data-element_type=\"widget\" data-widget_type=\"image.default\">\n\t\t\t\t<div class=\"elementor-widget-container\">\n\t\t\t<style>\/*! elementor - v3.19.0 - 28-02-2024 *\/\n.elementor-widget-image{text-align:center}.elementor-widget-image a{display:inline-block}.elementor-widget-image a img[src$=\".svg\"]{width:48px}.elementor-widget-image img{vertical-align:middle;display:inline-block}<\/style>\t\t\t\t\t\t\t\t\t\t<img fetchpriority=\"high\" decoding=\"async\" width=\"900\" height=\"506\" src=\"https:\/\/www.eures-andalucia-algarve.eu\/wp-content\/uploads\/2025\/12\/Cartel-Plenario-Camara-Observ-1024x576.jpeg\" class=\"attachment-large size-large wp-image-26090\" alt=\"\" srcset=\"https:\/\/www.eures-andalucia-algarve.eu\/wp-content\/uploads\/2025\/12\/Cartel-Plenario-Camara-Observ-1024x576.jpeg 1024w, https:\/\/www.eures-andalucia-algarve.eu\/wp-content\/uploads\/2025\/12\/Cartel-Plenario-Camara-Observ-300x169.jpeg 300w, https:\/\/www.eures-andalucia-algarve.eu\/wp-content\/uploads\/2025\/12\/Cartel-Plenario-Camara-Observ-768x432.jpeg 768w, https:\/\/www.eures-andalucia-algarve.eu\/wp-content\/uploads\/2025\/12\/Cartel-Plenario-Camara-Observ-1536x864.jpeg 1536w, https:\/\/www.eures-andalucia-algarve.eu\/wp-content\/uploads\/2025\/12\/Cartel-Plenario-Camara-Observ.jpeg 1600w\" sizes=\"(max-width: 900px) 100vw, 900px\" \/>\t\t\t\t\t\t\t\t\t\t\t\t\t<\/div>\n\t\t\t\t<\/div>\n\t\t\t\t<\/div>\n\t\t\t\t\t<\/div>\n\t\t\t\t<\/div>\n\t\t\t\t<\/div>\n\t\t","protected":false},"excerpt":{"rendered":"<p>Nesta quinta-feira, 11 de dezembro, ser\u00e1 realizada no edif\u00edcio La Nao da C\u00e2mara de Com\u00e9rcio de Huelva a apresenta\u00e7\u00e3o dos resultados do estudo sobre as necessidades de forma\u00e7\u00e3o para a Transi\u00e7\u00e3o Ecol\u00f3gica e a Transforma\u00e7\u00e3o Digital, organizado pela C\u00e2mara de Com\u00e9rcio de Huelva e pelo projeto EURES T Andaluzia Algarve. O objetivo do projeto \u00e9 [&hellip;]<\/p>\n","protected":false},"author":11,"featured_media":26091,"comment_status":"closed","ping_status":"closed","sticky":false,"template":"","format":"standard","meta":{"om_disable_all_campaigns":false,"inline_featured_image":false,"_monsterinsights_skip_tracking":false,"_monsterinsights_sitenote_active":false,"_monsterinsights_sitenote_note":"","_monsterinsights_sitenote_category":0,"cybocfi_hide_featured_image":"","footnotes":"","_links_to":"","_links_to_target":""},"categories":[249,250],"tags":[1269,347,282,433,259,835,495],"aioseo_notices":[],"_links":{"self":[{"href":"https:\/\/www.eures-andalucia-algarve.eu\/pt-pt\/wp-json\/wp\/v2\/posts\/26100"}],"collection":[{"href":"https:\/\/www.eures-andalucia-algarve.eu\/pt-pt\/wp-json\/wp\/v2\/posts"}],"about":[{"href":"https:\/\/www.eures-andalucia-algarve.eu\/pt-pt\/wp-json\/wp\/v2\/types\/post"}],"author":[{"embeddable":true,"href":"https:\/\/www.eures-andalucia-algarve.eu\/pt-pt\/wp-json\/wp\/v2\/users\/11"}],"replies":[{"embeddable":true,"href":"https:\/\/www.eures-andalucia-algarve.eu\/pt-pt\/wp-json\/wp\/v2\/comments?post=26100"}],"version-history":[{"count":3,"href":"https:\/\/www.eures-andalucia-algarve.eu\/pt-pt\/wp-json\/wp\/v2\/posts\/26100\/revisions"}],"predecessor-version":[{"id":26104,"href":"https:\/\/www.eures-andalucia-algarve.eu\/pt-pt\/wp-json\/wp\/v2\/posts\/26100\/revisions\/26104"}],"wp:featuredmedia":[{"embeddable":true,"href":"https:\/\/www.eures-andalucia-algarve.eu\/pt-pt\/wp-json\/wp\/v2\/media\/26091"}],"wp:attachment":[{"href":"https:\/\/www.eures-andalucia-algarve.eu\/pt-pt\/wp-json\/wp\/v2\/media?parent=26100"}],"wp:term":[{"taxonomy":"category","embeddable":true,"href":"https:\/\/www.eures-andalucia-algarve.eu\/pt-pt\/wp-json\/wp\/v2\/categories?post=26100"},{"taxonomy":"post_tag","embeddable":true,"href":"https:\/\/www.eures-andalucia-algarve.eu\/pt-pt\/wp-json\/wp\/v2\/tags?post=26100"}],"curies":[{"name":"wp","href":"https:\/\/api.w.org\/{rel}","templated":true}]}}