{"id":25612,"date":"2025-10-24T14:08:04","date_gmt":"2025-10-24T12:08:04","guid":{"rendered":"https:\/\/www.eures-andalucia-algarve.eu\/a-quinta-edicao-do-projeto-eures-transfronteirico-andaluzia-algarve-entra-na-sua-fase-final\/"},"modified":"2025-10-27T08:22:49","modified_gmt":"2025-10-27T07:22:49","slug":"a-quinta-edicao-do-projeto-eures-transfronteirico-andaluzia-algarve-entra-na-sua-fase-final","status":"publish","type":"post","link":"https:\/\/www.eures-andalucia-algarve.eu\/pt-pt\/a-quinta-edicao-do-projeto-eures-transfronteirico-andaluzia-algarve-entra-na-sua-fase-final\/","title":{"rendered":"A quinta edi\u00e7\u00e3o do projeto EURES Transfronteiri\u00e7o Andaluzia-Algarve entra na sua fase final"},"content":{"rendered":"\t\t<div data-elementor-type=\"wp-post\" data-elementor-id=\"25612\" class=\"elementor elementor-25612 elementor-25595\">\n\t\t\t\t<div class=\"elementor-element elementor-element-6906b7e e-flex e-con-boxed wpr-particle-no wpr-jarallax-no wpr-parallax-no wpr-sticky-section-no e-con e-parent\" data-id=\"6906b7e\" data-element_type=\"container\" data-settings=\"{&quot;content_width&quot;:&quot;boxed&quot;}\" data-core-v316-plus=\"true\">\n\t\t\t\t\t<div class=\"e-con-inner\">\n\t\t\t\t<div class=\"elementor-element elementor-element-15fd760 elementor-widget elementor-widget-image\" data-id=\"15fd760\" data-element_type=\"widget\" data-widget_type=\"image.default\">\n\t\t\t\t<div class=\"elementor-widget-container\">\n\t\t\t<style>\/*! elementor - v3.19.0 - 28-02-2024 *\/\n.elementor-widget-image{text-align:center}.elementor-widget-image a{display:inline-block}.elementor-widget-image a img[src$=\".svg\"]{width:48px}.elementor-widget-image img{vertical-align:middle;display:inline-block}<\/style>\t\t\t\t\t\t\t\t\t\t<img fetchpriority=\"high\" decoding=\"async\" width=\"900\" height=\"675\" src=\"https:\/\/www.eures-andalucia-algarve.eu\/wp-content\/uploads\/2025\/10\/571649720_1130725545898210_5564800667206039080_n-1024x768.jpg\" class=\"attachment-large size-large wp-image-25602\" alt=\"\" srcset=\"https:\/\/www.eures-andalucia-algarve.eu\/wp-content\/uploads\/2025\/10\/571649720_1130725545898210_5564800667206039080_n-1024x768.jpg 1024w, https:\/\/www.eures-andalucia-algarve.eu\/wp-content\/uploads\/2025\/10\/571649720_1130725545898210_5564800667206039080_n-300x225.jpg 300w, https:\/\/www.eures-andalucia-algarve.eu\/wp-content\/uploads\/2025\/10\/571649720_1130725545898210_5564800667206039080_n-768x576.jpg 768w, https:\/\/www.eures-andalucia-algarve.eu\/wp-content\/uploads\/2025\/10\/571649720_1130725545898210_5564800667206039080_n-1536x1152.jpg 1536w, https:\/\/www.eures-andalucia-algarve.eu\/wp-content\/uploads\/2025\/10\/571649720_1130725545898210_5564800667206039080_n.jpg 1600w\" sizes=\"(max-width: 900px) 100vw, 900px\" \/>\t\t\t\t\t\t\t\t\t\t\t\t\t<\/div>\n\t\t\t\t<\/div>\n\t\t\t\t\t<\/div>\n\t\t\t\t<\/div>\n\t\t<div class=\"elementor-element elementor-element-2897dfb e-flex e-con-boxed wpr-particle-no wpr-jarallax-no wpr-parallax-no wpr-sticky-section-no e-con e-parent\" data-id=\"2897dfb\" data-element_type=\"container\" data-settings=\"{&quot;content_width&quot;:&quot;boxed&quot;}\" data-core-v316-plus=\"true\">\n\t\t\t\t\t<div class=\"e-con-inner\">\n\t\t<div class=\"elementor-element elementor-element-b1a8397 e-con-full e-flex wpr-particle-no wpr-jarallax-no wpr-parallax-no wpr-sticky-section-no e-con e-child\" data-id=\"b1a8397\" data-element_type=\"container\" data-settings=\"{&quot;content_width&quot;:&quot;full&quot;}\">\n\t\t\t\t<div class=\"elementor-element elementor-element-1f42d5f elementor-widget elementor-widget-text-editor\" data-id=\"1f42d5f\" data-element_type=\"widget\" data-widget_type=\"text-editor.default\">\n\t\t\t\t<div class=\"elementor-widget-container\">\n\t\t\t<style>\/*! elementor - v3.19.0 - 28-02-2024 *\/\n.elementor-widget-text-editor.elementor-drop-cap-view-stacked .elementor-drop-cap{background-color:#69727d;color:#fff}.elementor-widget-text-editor.elementor-drop-cap-view-framed .elementor-drop-cap{color:#69727d;border:3px solid;background-color:transparent}.elementor-widget-text-editor:not(.elementor-drop-cap-view-default) .elementor-drop-cap{margin-top:8px}.elementor-widget-text-editor:not(.elementor-drop-cap-view-default) .elementor-drop-cap-letter{width:1em;height:1em}.elementor-widget-text-editor .elementor-drop-cap{float:left;text-align:center;line-height:1;font-size:50px}.elementor-widget-text-editor .elementor-drop-cap-letter{display:inline-block}<\/style>\t\t\t\t<div class=\"xdj266r x14z9mp xat24cr x1lziwak x1vvkbs x126k92a\">\n<div dir=\"auto\">A quinta edi\u00e7\u00e3o do projeto Eures Transfronteiri\u00e7o Andaluzia Algarve avan\u00e7a a bom ritmo com o desenvolvimento de v\u00e1rias jornadas de trabalho entre os parceiros da rede, cujos principais objetivos s\u00e3o promover, fomentar e impulsionar a mobilidade e a contrata\u00e7\u00e3o transfronteiri\u00e7a entre as regi\u00f5es do Algarve e da Andaluzia, com um investimento de 1,4 milh\u00f5es e horizonte final em mar\u00e7o de 2026.<\/div>\n<div dir=\"auto\"> <\/div>\n<\/div>\n<div class=\"x14z9mp xat24cr x1lziwak x1vvkbs xtlvy1s x126k92a\">\n<div dir=\"auto\">Recentemente, foram conclu\u00eddas as Jornadas \u00abCSIR: Um instrumento de coopera\u00e7\u00e3o transfronteiri\u00e7a\u00bb, realizadas nos dias 22 e 23 de outubro, promovidas pela CC.OO. Huelva em Isla Canela (Ayamonte). No pr\u00f3ximo dia 30 de outubro est\u00e1 previsto o encontro \u00abEconomia Azul nas regi\u00f5es transfronteiri\u00e7as, o pacto azul europeu e a perspetiva de novos empregos\u00bb, organizado pela UGT Huelva e que se realizar\u00e1 na localidade de Punta Umbr\u00eda. <\/div>\n<div dir=\"auto\"> <\/div>\n<\/div>\n<div class=\"x14z9mp xat24cr x1lziwak x1vvkbs xtlvy1s x126k92a\">\n<div dir=\"auto\">Assim, o delegado territorial da<span class=\"html-span xdj266r x14z9mp xat24cr x1lziwak xexx8yu xyri2b x18d9i69 x1c1uobl x1hl2dhg x16tdsg8 x1vvkbs\"><span class=\"xjp7ctv\"><a class=\"x1i10hfl xjbqb8w x1ejq31n x18oe1m7 x1sy0etr xstzfhl x972fbf x10w94by x1qhh985 x14e42zd x9f619 x1ypdohk xt0psk2 x3ct3a4 xdj266r x14z9mp xat24cr x1lziwak xexx8yu xyri2b x18d9i69 x1c1uobl x16tdsg8 x1hl2dhg xggy1nq x1a2a7pz xkrqix3 x1sur9pj x1fey0fg x1s688f\" tabindex=\"0\" role=\"link\" href=\"https:\/\/www.facebook.com\/EmpleoJunta?__cft__%5B0%5D=AZX126yau5RlRCeshQmPykxYRyPYKN023qe-sNvWKIx4g97SSeyGdBfh-N1ESAerCoNadsp0PWb19JzHOeCWK0FQIFCkdqUBddzA02dCPT6aLCHre18aGuitZN9bp5LXXNdj9f27pjG2nQIqCvNxTH_93Oa2y-KIfr8vMi-Ejn35lOqJDNOUE38rfuIsD-eUAo4&amp;__tn__=-%5DK-R\"> <span class=\"xt0psk2\">Delega\u00e7\u00e3o do Emprego, Empresa e Trabalho Aut\u00f3nomo<\/span><\/a><\/span><\/span>, Juan Carlos Duarte, deslocou-se esta sexta-feira ao Revelim de Sto. Ant\u00f3nio, no munic\u00edpio portugu\u00eas de Castro Marim, para participar no workshop da ACRAL (Associa\u00e7\u00e3o de Com\u00e9rcio e Servi\u00e7os da Regi\u00e3o do Algarve) sob o lema \u00abFronteiras com futuro, desafios e oportunidades\u00bb, que reuniu empres\u00e1rios, profissionais e institui\u00e7\u00f5es para debater os obst\u00e1culos e as novas oportunidades empresariais e laborais no Algarve e na Andaluzia, centrando desta vez a aten\u00e7\u00e3o na promo\u00e7\u00e3o de medidas de empreendedorismo e autoemprego, no apoio a ideias de neg\u00f3cio ou nos desafios atuais da contrata\u00e7\u00e3o laboral em ambas as regi\u00f5es. <\/div>\n<div dir=\"auto\"> <\/div>\n<div dir=\"auto\">Duarte destacou \u00aba linha de trabalho permanente em mat\u00e9ria de inser\u00e7\u00e3o laboral e promo\u00e7\u00e3o do emprego estabelecida com Portugal, gra\u00e7as a uma longa e intensa trajet\u00f3ria e experi\u00eancias de colabora\u00e7\u00e3o transnacional que deram origem, em 2017, a este projeto de coopera\u00e7\u00e3o inter-regional, que oferece um valor acrescentado \u00e0s pol\u00edticas de emprego regionais, nacionais e europeias\u00bb.<\/div>\n<div dir=\"auto\"> <\/div>\n<\/div>\n<div class=\"x14z9mp xat24cr x1lziwak x1vvkbs xtlvy1s x126k92a\">\n<div dir=\"auto\">Todas estas atividades inscrevem-se no \u00e2mbito do Eures-T \u00abAndaluzia-Algarve\u00bb, projeto cofinanciado pela Comiss\u00e3o Europeia e liderado pelo Servi\u00e7o Andaluz de Emprego (SAE) e pelo Instituto de Emprego e Forma\u00e7\u00e3o Profissional (IEFP).<\/div>\n<\/div>\n\t\t\t\t\t\t<\/div>\n\t\t\t\t<\/div>\n\t\t\t\t<\/div>\n\t\t\t\t\t<\/div>\n\t\t\t\t<\/div>\n\t\t<div class=\"elementor-element elementor-element-9c9a8a3 e-flex e-con-boxed wpr-particle-no wpr-jarallax-no wpr-parallax-no wpr-sticky-section-no e-con e-parent\" data-id=\"9c9a8a3\" data-element_type=\"container\" data-settings=\"{&quot;content_width&quot;:&quot;boxed&quot;}\" data-core-v316-plus=\"true\">\n\t\t\t\t\t<div class=\"e-con-inner\">\n\t\t<div class=\"elementor-element elementor-element-183ea7f e-con-full e-flex wpr-particle-no wpr-jarallax-no wpr-parallax-no wpr-sticky-section-no e-con e-child\" data-id=\"183ea7f\" data-element_type=\"container\" data-settings=\"{&quot;content_width&quot;:&quot;full&quot;}\">\n\t\t\t\t<div class=\"elementor-element elementor-element-030df00 elementor-widget elementor-widget-image\" data-id=\"030df00\" data-element_type=\"widget\" data-widget_type=\"image.default\">\n\t\t\t\t<div class=\"elementor-widget-container\">\n\t\t\t\t\t\t\t\t\t\t\t\t\t<img decoding=\"async\" width=\"900\" height=\"675\" src=\"https:\/\/www.eures-andalucia-algarve.eu\/wp-content\/uploads\/2025\/10\/571385306_1130725885898176_2265150674034901750_n-1024x768.jpg\" class=\"attachment-large size-large wp-image-25604\" alt=\"\" srcset=\"https:\/\/www.eures-andalucia-algarve.eu\/wp-content\/uploads\/2025\/10\/571385306_1130725885898176_2265150674034901750_n-1024x768.jpg 1024w, https:\/\/www.eures-andalucia-algarve.eu\/wp-content\/uploads\/2025\/10\/571385306_1130725885898176_2265150674034901750_n-300x225.jpg 300w, https:\/\/www.eures-andalucia-algarve.eu\/wp-content\/uploads\/2025\/10\/571385306_1130725885898176_2265150674034901750_n-768x576.jpg 768w, https:\/\/www.eures-andalucia-algarve.eu\/wp-content\/uploads\/2025\/10\/571385306_1130725885898176_2265150674034901750_n-1536x1152.jpg 1536w, https:\/\/www.eures-andalucia-algarve.eu\/wp-content\/uploads\/2025\/10\/571385306_1130725885898176_2265150674034901750_n.jpg 1600w\" sizes=\"(max-width: 900px) 100vw, 900px\" \/>\t\t\t\t\t\t\t\t\t\t\t\t\t<\/div>\n\t\t\t\t<\/div>\n\t\t\t\t<\/div>\n\t\t<div class=\"elementor-element elementor-element-b844d86 e-con-full e-flex wpr-particle-no wpr-jarallax-no wpr-parallax-no wpr-sticky-section-no e-con e-child\" data-id=\"b844d86\" data-element_type=\"container\" data-settings=\"{&quot;content_width&quot;:&quot;full&quot;}\">\n\t\t\t\t<div class=\"elementor-element elementor-element-1fc9687 elementor-widget elementor-widget-image\" data-id=\"1fc9687\" data-element_type=\"widget\" data-widget_type=\"image.default\">\n\t\t\t\t<div class=\"elementor-widget-container\">\n\t\t\t\t\t\t\t\t\t\t\t\t\t<img decoding=\"async\" width=\"900\" height=\"506\" src=\"https:\/\/www.eures-andalucia-algarve.eu\/wp-content\/uploads\/2025\/10\/ef940db7-6c40-4a8c-a9ee-e4d95814760e-1024x576.jpg\" class=\"attachment-large size-large wp-image-25598\" alt=\"\" srcset=\"https:\/\/www.eures-andalucia-algarve.eu\/wp-content\/uploads\/2025\/10\/ef940db7-6c40-4a8c-a9ee-e4d95814760e-1024x576.jpg 1024w, https:\/\/www.eures-andalucia-algarve.eu\/wp-content\/uploads\/2025\/10\/ef940db7-6c40-4a8c-a9ee-e4d95814760e-300x169.jpg 300w, https:\/\/www.eures-andalucia-algarve.eu\/wp-content\/uploads\/2025\/10\/ef940db7-6c40-4a8c-a9ee-e4d95814760e-768x432.jpg 768w, https:\/\/www.eures-andalucia-algarve.eu\/wp-content\/uploads\/2025\/10\/ef940db7-6c40-4a8c-a9ee-e4d95814760e-1536x864.jpg 1536w, https:\/\/www.eures-andalucia-algarve.eu\/wp-content\/uploads\/2025\/10\/ef940db7-6c40-4a8c-a9ee-e4d95814760e.jpg 1824w\" sizes=\"(max-width: 900px) 100vw, 900px\" \/>\t\t\t\t\t\t\t\t\t\t\t\t\t<\/div>\n\t\t\t\t<\/div>\n\t\t\t\t<\/div>\n\t\t\t\t\t<\/div>\n\t\t\t\t<\/div>\n\t\t\t\t<\/div>\n\t\t","protected":false},"excerpt":{"rendered":"<p>A quinta edi\u00e7\u00e3o do projeto Eures Transfronteiri\u00e7o Andaluzia Algarve avan\u00e7a a bom ritmo com o desenvolvimento de v\u00e1rias jornadas de trabalho entre os parceiros da rede, cujos principais objetivos s\u00e3o promover, fomentar e impulsionar a mobilidade e a contrata\u00e7\u00e3o transfronteiri\u00e7a entre as regi\u00f5es do Algarve e da Andaluzia, com um investimento de 1,4 milh\u00f5es e [&hellip;]<\/p>\n","protected":false},"author":11,"featured_media":25603,"comment_status":"closed","ping_status":"closed","sticky":false,"template":"","format":"standard","meta":{"om_disable_all_campaigns":false,"inline_featured_image":false,"_monsterinsights_skip_tracking":false,"_monsterinsights_sitenote_active":false,"_monsterinsights_sitenote_note":"","_monsterinsights_sitenote_category":0,"cybocfi_hide_featured_image":"","footnotes":"","_links_to":"","_links_to_target":""},"categories":[249,250],"tags":[347,496,433,259,835,495],"aioseo_notices":[],"_links":{"self":[{"href":"https:\/\/www.eures-andalucia-algarve.eu\/pt-pt\/wp-json\/wp\/v2\/posts\/25612"}],"collection":[{"href":"https:\/\/www.eures-andalucia-algarve.eu\/pt-pt\/wp-json\/wp\/v2\/posts"}],"about":[{"href":"https:\/\/www.eures-andalucia-algarve.eu\/pt-pt\/wp-json\/wp\/v2\/types\/post"}],"author":[{"embeddable":true,"href":"https:\/\/www.eures-andalucia-algarve.eu\/pt-pt\/wp-json\/wp\/v2\/users\/11"}],"replies":[{"embeddable":true,"href":"https:\/\/www.eures-andalucia-algarve.eu\/pt-pt\/wp-json\/wp\/v2\/comments?post=25612"}],"version-history":[{"count":1,"href":"https:\/\/www.eures-andalucia-algarve.eu\/pt-pt\/wp-json\/wp\/v2\/posts\/25612\/revisions"}],"predecessor-version":[{"id":25613,"href":"https:\/\/www.eures-andalucia-algarve.eu\/pt-pt\/wp-json\/wp\/v2\/posts\/25612\/revisions\/25613"}],"wp:featuredmedia":[{"embeddable":true,"href":"https:\/\/www.eures-andalucia-algarve.eu\/pt-pt\/wp-json\/wp\/v2\/media\/25603"}],"wp:attachment":[{"href":"https:\/\/www.eures-andalucia-algarve.eu\/pt-pt\/wp-json\/wp\/v2\/media?parent=25612"}],"wp:term":[{"taxonomy":"category","embeddable":true,"href":"https:\/\/www.eures-andalucia-algarve.eu\/pt-pt\/wp-json\/wp\/v2\/categories?post=25612"},{"taxonomy":"post_tag","embeddable":true,"href":"https:\/\/www.eures-andalucia-algarve.eu\/pt-pt\/wp-json\/wp\/v2\/tags?post=25612"}],"curies":[{"name":"wp","href":"https:\/\/api.w.org\/{rel}","templated":true}]}}