{"id":21589,"date":"2024-12-26T09:54:34","date_gmt":"2024-12-26T08:54:34","guid":{"rendered":"https:\/\/www.eures-andalucia-algarve.eu\/o-iefp-organiza-em-tavira-o-segundo-comite-de-acompanhamento-e-avaliacao-do-projeto-eures-transfronteirico-andaluzia-algarve-2024-26\/"},"modified":"2024-12-26T10:05:43","modified_gmt":"2024-12-26T09:05:43","slug":"o-iefp-organiza-em-tavira-o-segundo-comite-de-acompanhamento-e-avaliacao-do-projeto-eures-transfronteirico-andaluzia-algarve-2024-26","status":"publish","type":"post","link":"https:\/\/www.eures-andalucia-algarve.eu\/pt-pt\/o-iefp-organiza-em-tavira-o-segundo-comite-de-acompanhamento-e-avaliacao-do-projeto-eures-transfronteirico-andaluzia-algarve-2024-26\/","title":{"rendered":"O IEFP organiza em Tavira o segundo Comit\u00e9 de Acompanhamento e Avalia\u00e7\u00e3o do projeto EURES Transfronteiri\u00e7o Andaluzia-Algarve 2024-26."},"content":{"rendered":"\t\t<div data-elementor-type=\"wp-post\" data-elementor-id=\"21589\" class=\"elementor elementor-21589 elementor-21579\">\n\t\t\t\t<div class=\"elementor-element elementor-element-50b2313 e-flex e-con-boxed wpr-particle-no wpr-jarallax-no wpr-parallax-no wpr-sticky-section-no e-con e-parent\" data-id=\"50b2313\" data-element_type=\"container\" data-settings=\"{&quot;content_width&quot;:&quot;boxed&quot;}\" data-core-v316-plus=\"true\">\n\t\t\t\t\t<div class=\"e-con-inner\">\n\t\t\t\t<div class=\"elementor-element elementor-element-2226cc1 elementor-widget elementor-widget-image\" data-id=\"2226cc1\" data-element_type=\"widget\" data-widget_type=\"image.default\">\n\t\t\t\t<div class=\"elementor-widget-container\">\n\t\t\t<style>\/*! elementor - v3.19.0 - 28-02-2024 *\/\n.elementor-widget-image{text-align:center}.elementor-widget-image a{display:inline-block}.elementor-widget-image a img[src$=\".svg\"]{width:48px}.elementor-widget-image img{vertical-align:middle;display:inline-block}<\/style>\t\t\t\t\t\t\t\t\t\t<img fetchpriority=\"high\" decoding=\"async\" width=\"900\" height=\"406\" src=\"https:\/\/www.eures-andalucia-algarve.eu\/wp-content\/uploads\/2024\/12\/foto-comite-Tavira-1024x462.jpg\" class=\"attachment-large size-large wp-image-21584\" alt=\"\" srcset=\"https:\/\/www.eures-andalucia-algarve.eu\/wp-content\/uploads\/2024\/12\/foto-comite-Tavira-1024x462.jpg 1024w, https:\/\/www.eures-andalucia-algarve.eu\/wp-content\/uploads\/2024\/12\/foto-comite-Tavira-300x135.jpg 300w, https:\/\/www.eures-andalucia-algarve.eu\/wp-content\/uploads\/2024\/12\/foto-comite-Tavira-768x346.jpg 768w, https:\/\/www.eures-andalucia-algarve.eu\/wp-content\/uploads\/2024\/12\/foto-comite-Tavira-1536x692.jpg 1536w, https:\/\/www.eures-andalucia-algarve.eu\/wp-content\/uploads\/2024\/12\/foto-comite-Tavira.jpg 1877w\" sizes=\"(max-width: 900px) 100vw, 900px\" \/>\t\t\t\t\t\t\t\t\t\t\t\t\t<\/div>\n\t\t\t\t<\/div>\n\t\t\t\t\t<\/div>\n\t\t\t\t<\/div>\n\t\t<div class=\"elementor-element elementor-element-2897dfb e-flex e-con-boxed wpr-particle-no wpr-jarallax-no wpr-parallax-no wpr-sticky-section-no e-con e-parent\" data-id=\"2897dfb\" data-element_type=\"container\" data-settings=\"{&quot;content_width&quot;:&quot;boxed&quot;}\" data-core-v316-plus=\"true\">\n\t\t\t\t\t<div class=\"e-con-inner\">\n\t\t<div class=\"elementor-element elementor-element-b1a8397 e-con-full e-flex wpr-particle-no wpr-jarallax-no wpr-parallax-no wpr-sticky-section-no e-con e-child\" data-id=\"b1a8397\" data-element_type=\"container\" data-settings=\"{&quot;content_width&quot;:&quot;full&quot;}\">\n\t\t\t\t<div class=\"elementor-element elementor-element-1f42d5f elementor-widget elementor-widget-text-editor\" data-id=\"1f42d5f\" data-element_type=\"widget\" data-widget_type=\"text-editor.default\">\n\t\t\t\t<div class=\"elementor-widget-container\">\n\t\t\t<style>\/*! elementor - v3.19.0 - 28-02-2024 *\/\n.elementor-widget-text-editor.elementor-drop-cap-view-stacked .elementor-drop-cap{background-color:#69727d;color:#fff}.elementor-widget-text-editor.elementor-drop-cap-view-framed .elementor-drop-cap{color:#69727d;border:3px solid;background-color:transparent}.elementor-widget-text-editor:not(.elementor-drop-cap-view-default) .elementor-drop-cap{margin-top:8px}.elementor-widget-text-editor:not(.elementor-drop-cap-view-default) .elementor-drop-cap-letter{width:1em;height:1em}.elementor-widget-text-editor .elementor-drop-cap{float:left;text-align:center;line-height:1;font-size:50px}.elementor-widget-text-editor .elementor-drop-cap-letter{display:inline-block}<\/style>\t\t\t\t<p>Aconteceu em Tavira, a 2\u00aa reuni\u00e3o do Comit\u00e9 Consultivo, de Acompanhamento e Avalia\u00e7\u00e3o do projeto EURES Transfronteiri\u00e7o Andaluzia-Algarve 2024-26 (EURES T AA).\u00a0 Este Comit\u00e9 \u00e9 composto por representantes de todos os parceiros e associados do projeto e realiza-se pelo menos 2 vezes por ano. A reuni\u00e3o foi presidida pela Delegada Regional do Algarve, Madalena Feu e pelo Delegado Provincial do Servi\u00e7o Andaluz de Emprego de Huelva, Juan Carlos Duarte Ca\u00f1ado.<\/p><p>Na reuni\u00e3o do referido Comit\u00e9, todos os parceiro\/s\u00f3cios tiveram a oportunidade de fazer um ponto de situa\u00e7\u00e3o relativamente ao grau de execu\u00e7\u00e3o das suas atividades, face aos objetivos previstos, cronograma e or\u00e7amento, bem como receberam informa\u00e7\u00e3o sobre por parte do IEFP e SAE, sobre as atividades que t\u00eam vindo a ser desenvolvidas por parte da equipa de coordena\u00e7\u00e3o deste projeto e das \u00faltimas orienta\u00e7\u00f5es emanadas pela Comiss\u00e3o Europeia.<\/p><p>O projeto \u00e9 cofinanciado pela Comiss\u00e3o Europeia e atualmente \u00e9 coordenado pelo Servi\u00e7o de Emprego da Andaluzia (SAE) em colabora\u00e7\u00e3o com o IEFP, IP, como copromotor, constitu\u00eddo tamb\u00e9m pelos parceiros benefici\u00e1rios Confederaci\u00f3n de Empresarios de Andalucia (CEA), Confederacion Sindical de Comisiones Obreras de Andalucia (CCOO-A), a Eurocidade do Guadiana, a Associa\u00e7\u00e3o do Com\u00e9rcio e Servi\u00e7os da Regi\u00e3o do Algarve (ACRAL), a Associa\u00e7\u00e3o Tert\u00falia Algarvia, a Associa\u00e7\u00e3o para o Desenvolvimento do Baixo Guadiana (ODIANA) e a C\u00e1mara Oficial de Comercio, Industria y Navegaci\u00f3n de Huelva.<\/p><p>Conta ainda com a parceria dos atores institucionais, empresariais e sindicais que operam no territ\u00f3rio fronteiri\u00e7o (Servicio P\u00fablico de Empleo Estatal -SEPE, Associa\u00e7\u00e3o Empresarial da Regi\u00e3o do Algarve &#8211; NERA, Uni\u00e3o Geral de Trabalhadores da Andaluzia e do Algarve &#8211; UGT Andaluc\u00eda e UGT Algarve, Confedera\u00e7\u00e3o Geral dos Trabalhadores Portugueses &#8211; CGTP-IN Algarve, Mancomunidad de Islantilla, CCDR Algarve, Diputaci\u00f3n de Huelva, Universidades de Huelva, Universidade do Algarve, Seguran\u00e7a Social, Autoridade para as Condi\u00e7\u00f5es do Trabalho &#8211; ACT, Associa\u00e7\u00e3o de Hot\u00e9is e Empreendimentos Tur\u00edsticos do Algarve &#8211; AHETA, Andaluc\u00eda Emprende\u00a0 e C\u00e1mera de Com\u00e9rcio de Ayamonte).<\/p><p>No decorrer da reuni\u00e3o os parceiros benefici\u00e1rios da subven\u00e7\u00e3o tiveram oportunidade de apresentar algumas das atividades j\u00e1 desenvolvidas bem como a planifica\u00e7\u00e3o das restantes que devem ser realizadas at\u00e9 mar\u00e7o de 2026.<\/p><p>\u00a0<\/p><h5>\u00a0<\/h5>\t\t\t\t\t\t<\/div>\n\t\t\t\t<\/div>\n\t\t\t\t<\/div>\n\t\t\t\t\t<\/div>\n\t\t\t\t<\/div>\n\t\t\t\t<\/div>\n\t\t","protected":false},"excerpt":{"rendered":"<p>Aconteceu em Tavira, a 2\u00aa reuni\u00e3o do Comit\u00e9 Consultivo, de Acompanhamento e Avalia\u00e7\u00e3o do projeto EURES Transfronteiri\u00e7o Andaluzia-Algarve 2024-26 (EURES T AA).\u00a0 Este Comit\u00e9 \u00e9 composto por representantes de todos os parceiros e associados do projeto e realiza-se pelo menos 2 vezes por ano. A reuni\u00e3o foi presidida pela Delegada Regional do Algarve, Madalena Feu [&hellip;]<\/p>\n","protected":false},"author":11,"featured_media":21585,"comment_status":"closed","ping_status":"closed","sticky":false,"template":"","format":"standard","meta":{"om_disable_all_campaigns":false,"inline_featured_image":false,"_monsterinsights_skip_tracking":false,"_monsterinsights_sitenote_active":false,"_monsterinsights_sitenote_note":"","_monsterinsights_sitenote_category":0,"cybocfi_hide_featured_image":"yes","footnotes":"","_links_to":"","_links_to_target":""},"categories":[249,250],"tags":[721,347,282,433,259,835,836,495],"aioseo_notices":[],"_links":{"self":[{"href":"https:\/\/www.eures-andalucia-algarve.eu\/pt-pt\/wp-json\/wp\/v2\/posts\/21589"}],"collection":[{"href":"https:\/\/www.eures-andalucia-algarve.eu\/pt-pt\/wp-json\/wp\/v2\/posts"}],"about":[{"href":"https:\/\/www.eures-andalucia-algarve.eu\/pt-pt\/wp-json\/wp\/v2\/types\/post"}],"author":[{"embeddable":true,"href":"https:\/\/www.eures-andalucia-algarve.eu\/pt-pt\/wp-json\/wp\/v2\/users\/11"}],"replies":[{"embeddable":true,"href":"https:\/\/www.eures-andalucia-algarve.eu\/pt-pt\/wp-json\/wp\/v2\/comments?post=21589"}],"version-history":[{"count":5,"href":"https:\/\/www.eures-andalucia-algarve.eu\/pt-pt\/wp-json\/wp\/v2\/posts\/21589\/revisions"}],"predecessor-version":[{"id":21595,"href":"https:\/\/www.eures-andalucia-algarve.eu\/pt-pt\/wp-json\/wp\/v2\/posts\/21589\/revisions\/21595"}],"wp:featuredmedia":[{"embeddable":true,"href":"https:\/\/www.eures-andalucia-algarve.eu\/pt-pt\/wp-json\/wp\/v2\/media\/21585"}],"wp:attachment":[{"href":"https:\/\/www.eures-andalucia-algarve.eu\/pt-pt\/wp-json\/wp\/v2\/media?parent=21589"}],"wp:term":[{"taxonomy":"category","embeddable":true,"href":"https:\/\/www.eures-andalucia-algarve.eu\/pt-pt\/wp-json\/wp\/v2\/categories?post=21589"},{"taxonomy":"post_tag","embeddable":true,"href":"https:\/\/www.eures-andalucia-algarve.eu\/pt-pt\/wp-json\/wp\/v2\/tags?post=21589"}],"curies":[{"name":"wp","href":"https:\/\/api.w.org\/{rel}","templated":true}]}}