{"id":21022,"date":"2024-11-08T09:43:00","date_gmt":"2024-11-08T08:43:00","guid":{"rendered":"https:\/\/www.eures-andalucia-algarve.eu\/proximo-encontro-de-mulheres-empresarias-organizado-pela-eurociudad-del-guadiana-em-vila-real-de-sto-antonio\/"},"modified":"2025-02-24T13:40:15","modified_gmt":"2025-02-24T12:40:15","slug":"proximo-encontro-de-mulheres-empresarias-organizado-pela-eurociudad-del-guadiana-em-vila-real-de-sto-antonio","status":"publish","type":"post","link":"https:\/\/www.eures-andalucia-algarve.eu\/pt-pt\/proximo-encontro-de-mulheres-empresarias-organizado-pela-eurociudad-del-guadiana-em-vila-real-de-sto-antonio\/","title":{"rendered":"Pr\u00f3ximo Encontro de Mulheres Empreendedoras organizado pela Eurociudade do Guadiana em Vila Real de Sto. Ant\u00f3nio"},"content":{"rendered":"\t\t<div data-elementor-type=\"wp-post\" data-elementor-id=\"21022\" class=\"elementor elementor-21022 elementor-20982\">\n\t\t\t\t<div class=\"elementor-element elementor-element-50b2313 e-flex e-con-boxed wpr-particle-no wpr-jarallax-no wpr-parallax-no wpr-sticky-section-no e-con e-parent\" data-id=\"50b2313\" data-element_type=\"container\" data-settings=\"{&quot;content_width&quot;:&quot;boxed&quot;}\" data-core-v316-plus=\"true\">\n\t\t\t\t\t<div class=\"e-con-inner\">\n\t\t\t\t<div class=\"elementor-element elementor-element-2226cc1 elementor-widget elementor-widget-image\" data-id=\"2226cc1\" data-element_type=\"widget\" data-widget_type=\"image.default\">\n\t\t\t\t<div class=\"elementor-widget-container\">\n\t\t\t<style>\/*! elementor - v3.19.0 - 28-02-2024 *\/\n.elementor-widget-image{text-align:center}.elementor-widget-image a{display:inline-block}.elementor-widget-image a img[src$=\".svg\"]{width:48px}.elementor-widget-image img{vertical-align:middle;display:inline-block}<\/style>\t\t\t\t\t\t\t\t\t\t<img fetchpriority=\"high\" decoding=\"async\" width=\"900\" height=\"343\" src=\"https:\/\/www.eures-andalucia-algarve.eu\/wp-content\/uploads\/2024\/11\/encuentro-mujeres-emprendedoras-1024x390.jpg\" class=\"attachment-large size-large wp-image-20983\" alt=\"\" srcset=\"https:\/\/www.eures-andalucia-algarve.eu\/wp-content\/uploads\/2024\/11\/encuentro-mujeres-emprendedoras-1024x390.jpg 1024w, https:\/\/www.eures-andalucia-algarve.eu\/wp-content\/uploads\/2024\/11\/encuentro-mujeres-emprendedoras-300x114.jpg 300w, https:\/\/www.eures-andalucia-algarve.eu\/wp-content\/uploads\/2024\/11\/encuentro-mujeres-emprendedoras-768x292.jpg 768w, https:\/\/www.eures-andalucia-algarve.eu\/wp-content\/uploads\/2024\/11\/encuentro-mujeres-emprendedoras-1536x584.jpg 1536w, https:\/\/www.eures-andalucia-algarve.eu\/wp-content\/uploads\/2024\/11\/encuentro-mujeres-emprendedoras-2048x779.jpg 2048w\" sizes=\"(max-width: 900px) 100vw, 900px\" \/>\t\t\t\t\t\t\t\t\t\t\t\t\t<\/div>\n\t\t\t\t<\/div>\n\t\t\t\t\t<\/div>\n\t\t\t\t<\/div>\n\t\t<div class=\"elementor-element elementor-element-2897dfb e-flex e-con-boxed wpr-particle-no wpr-jarallax-no wpr-parallax-no wpr-sticky-section-no e-con e-parent\" data-id=\"2897dfb\" data-element_type=\"container\" data-settings=\"{&quot;content_width&quot;:&quot;boxed&quot;}\" data-core-v316-plus=\"true\">\n\t\t\t\t\t<div class=\"e-con-inner\">\n\t\t<div class=\"elementor-element elementor-element-b1a8397 e-con-full e-flex wpr-particle-no wpr-jarallax-no wpr-parallax-no wpr-sticky-section-no e-con e-child\" data-id=\"b1a8397\" data-element_type=\"container\" data-settings=\"{&quot;content_width&quot;:&quot;full&quot;}\">\n\t\t\t\t<div class=\"elementor-element elementor-element-1f42d5f elementor-widget elementor-widget-text-editor\" data-id=\"1f42d5f\" data-element_type=\"widget\" data-widget_type=\"text-editor.default\">\n\t\t\t\t<div class=\"elementor-widget-container\">\n\t\t\t<style>\/*! elementor - v3.19.0 - 28-02-2024 *\/\n.elementor-widget-text-editor.elementor-drop-cap-view-stacked .elementor-drop-cap{background-color:#69727d;color:#fff}.elementor-widget-text-editor.elementor-drop-cap-view-framed .elementor-drop-cap{color:#69727d;border:3px solid;background-color:transparent}.elementor-widget-text-editor:not(.elementor-drop-cap-view-default) .elementor-drop-cap{margin-top:8px}.elementor-widget-text-editor:not(.elementor-drop-cap-view-default) .elementor-drop-cap-letter{width:1em;height:1em}.elementor-widget-text-editor .elementor-drop-cap{float:left;text-align:center;line-height:1;font-size:50px}.elementor-widget-text-editor .elementor-drop-cap-letter{display:inline-block}<\/style>\t\t\t\t<p>As mulheres da Eurocidade do Guadiana voltam a participar num Encontro de Empres\u00e1rias onde continuar\u00e3o a conhecer ideias para gerar de novos neg\u00f3cios e oportunidades de obter apoio no processo de gerar novas empresas e fazer com que cres\u00e7am. Esta reuni\u00e3o abordar\u00e1 tamb\u00e9m o lan\u00e7amento de uma rede de coopera\u00e7\u00e3o transfronteiri\u00e7a entre mulheres empres\u00e1rias. <\/p>\n<p>O encontro ter\u00e1 lugar no dia 19 de novembro na Biblioteca Municipal de Vila Real de Santo Ant\u00f3nio e contar\u00e1 com a participa\u00e7\u00e3o da eurodeputada Isilda Gomes que abordar\u00e1 o empreendedorismo feminino a n\u00edvel europeu. As ferramentas que as autoridades regionais disponibilizam ao empreendedorismo ser\u00e3o tamb\u00e9m apresentadas pela Andaluc\u00eda Emprende e pelo Programa Operacional Algarve 2030. <\/p>\n<p>Com uma experi\u00eancia not\u00e1vel, a associa\u00e7\u00e3o Alma Natura apresentar\u00e1 o programa de capacita\u00e7\u00e3o de mulheres empreendedoras promovido pela Funda\u00e7\u00e3o Coca Cola, uma iniciativa denominada Women\u2019s Tour em Espanha e Bora Mulheres em Portugal, mas em ambos os casos procura apoiar o empreendedorismo feminino no espec\u00edfico \u00e1rea de empresas ligadas ao setor alimentar e das bebidas.<\/p>\n<p>A sess\u00e3o final do encontro incluir\u00e1 a apresenta\u00e7\u00e3o dos resultados dos encontros anteriores, realizados em Ayamonte e Castro Marim, bem como duas novas iniciativas que s\u00e3o produto das reivindica\u00e7\u00f5es das mulheres da Eurocidade do Guadiana que participaram nas duas atividades anteriores: a rede de coopera\u00e7\u00e3o transfronteiri\u00e7a entre mulheres empreendedoras e a primeira Feira de Mulheres Empreendedoras da Eurocidade do Guadiana.<\/p>\n<p>Estas atividades enquadram-se no projeto Eures Transfronteriri\u00e7o Andaluzia Algarve, que conta com financiamento da Uni\u00e3o Europeia para promover a mobilidade laboral e empresarial entre regi\u00f5es fronteiri\u00e7as. A Eurocidade do Guadiana, o Servi\u00e7o de Emprego da Andaluzia, o Instituto de Emprego e Forma\u00e7\u00e3o Profissional de Portugal e os centros Europa Direct do Algarve e de Huelva participam ativamente na organiza\u00e7\u00e3o deste encontro, contando<br>tamb\u00e9m com o apoio das restantes entidades que o comp\u00f5em. <\/p>\t\t\t\t\t\t<\/div>\n\t\t\t\t<\/div>\n\t\t\t\t<div class=\"elementor-element elementor-element-0aff5f1 elementor-align-center elementor-widget elementor-widget-button\" data-id=\"0aff5f1\" data-element_type=\"widget\" data-widget_type=\"button.default\">\n\t\t\t\t<div class=\"elementor-widget-container\">\n\t\t\t\t\t<div class=\"elementor-button-wrapper\">\n\t\t\t<a class=\"elementor-button elementor-button-link elementor-size-sm\" href=\"https:\/\/docs.google.com\/forms\/d\/e\/1FAIpQLScwtzzQxI4S2jcV7citqNqr2Jwi_aAiAZJPjmGWLCLk6-aBSg\/viewform?usp=pp_url\">\n\t\t\t\t\t\t<span class=\"elementor-button-content-wrapper\">\n\t\t\t\t\t\t<span class=\"elementor-button-text\">Clica aqui para inscri\u00e7\u00e3o<\/span>\n\t\t<\/span>\n\t\t\t\t\t<\/a>\n\t\t<\/div>\n\t\t\t\t<\/div>\n\t\t\t\t<\/div>\n\t\t\t\t<\/div>\n\t\t\t\t\t<\/div>\n\t\t\t\t<\/div>\n\t\t<div class=\"elementor-element elementor-element-3f4991b e-flex e-con-boxed wpr-particle-no wpr-jarallax-no wpr-parallax-no wpr-sticky-section-no e-con e-parent\" data-id=\"3f4991b\" data-element_type=\"container\" data-settings=\"{&quot;content_width&quot;:&quot;boxed&quot;}\" data-core-v316-plus=\"true\">\n\t\t\t\t\t<div class=\"e-con-inner\">\n\t\t\t\t<div class=\"elementor-element elementor-element-467a085 elementor-widget elementor-widget-image-gallery\" data-id=\"467a085\" data-element_type=\"widget\" data-widget_type=\"image-gallery.default\">\n\t\t\t\t<div class=\"elementor-widget-container\">\n\t\t\t<style>\/*! elementor - v3.19.0 - 28-02-2024 *\/\n.elementor-image-gallery .gallery-item{display:inline-block;text-align:center;vertical-align:top;width:100%;max-width:100%;margin:0 auto}.elementor-image-gallery .gallery-item img{margin:0 auto}.elementor-image-gallery .gallery-item .gallery-caption{margin:0}.elementor-image-gallery figure img{display:block}.elementor-image-gallery figure figcaption{width:100%}.gallery-spacing-custom .elementor-image-gallery .gallery-icon{padding:0}@media (min-width:768px){.elementor-image-gallery .gallery-columns-2 .gallery-item{max-width:50%}.elementor-image-gallery .gallery-columns-3 .gallery-item{max-width:33.33%}.elementor-image-gallery .gallery-columns-4 .gallery-item{max-width:25%}.elementor-image-gallery .gallery-columns-5 .gallery-item{max-width:20%}.elementor-image-gallery .gallery-columns-6 .gallery-item{max-width:16.666%}.elementor-image-gallery .gallery-columns-7 .gallery-item{max-width:14.28%}.elementor-image-gallery .gallery-columns-8 .gallery-item{max-width:12.5%}.elementor-image-gallery .gallery-columns-9 .gallery-item{max-width:11.11%}.elementor-image-gallery .gallery-columns-10 .gallery-item{max-width:10%}}@media (min-width:480px) and (max-width:767px){.elementor-image-gallery .gallery.gallery-columns-2 .gallery-item,.elementor-image-gallery .gallery.gallery-columns-3 .gallery-item,.elementor-image-gallery .gallery.gallery-columns-4 .gallery-item,.elementor-image-gallery .gallery.gallery-columns-5 .gallery-item,.elementor-image-gallery .gallery.gallery-columns-6 .gallery-item,.elementor-image-gallery .gallery.gallery-columns-7 .gallery-item,.elementor-image-gallery .gallery.gallery-columns-8 .gallery-item,.elementor-image-gallery .gallery.gallery-columns-9 .gallery-item,.elementor-image-gallery .gallery.gallery-columns-10 .gallery-item{max-width:50%}}@media (max-width:479px){.elementor-image-gallery .gallery.gallery-columns-2 .gallery-item,.elementor-image-gallery .gallery.gallery-columns-3 .gallery-item,.elementor-image-gallery .gallery.gallery-columns-4 .gallery-item,.elementor-image-gallery .gallery.gallery-columns-5 .gallery-item,.elementor-image-gallery .gallery.gallery-columns-6 .gallery-item,.elementor-image-gallery .gallery.gallery-columns-7 .gallery-item,.elementor-image-gallery .gallery.gallery-columns-8 .gallery-item,.elementor-image-gallery .gallery.gallery-columns-9 .gallery-item,.elementor-image-gallery .gallery.gallery-columns-10 .gallery-item{max-width:100%}}<\/style>\t\t<div class=\"elementor-image-gallery\">\n\t\t\t\n\t\t<style type=\"text\/css\">\n\t\t\t#gallery-1 {\n\t\t\t\tmargin: auto;\n\t\t\t}\n\t\t\t#gallery-1 .gallery-item {\n\t\t\t\tfloat: left;\n\t\t\t\tmargin-top: 10px;\n\t\t\t\ttext-align: center;\n\t\t\t\twidth: 50%;\n\t\t\t}\n\t\t\t#gallery-1 img {\n\t\t\t\tborder: 2px solid #cfcfcf;\n\t\t\t}\n\t\t\t#gallery-1 .gallery-caption {\n\t\t\t\tmargin-left: 0;\n\t\t\t}\n\t\t\t\/* see gallery_shortcode() in wp-includes\/media.php *\/\n\t\t<\/style>\n\t\t<div id='gallery-1' class='gallery galleryid-21022 gallery-columns-2 gallery-size-medium_large'><dl class='gallery-item'>\n\t\t\t<dt class='gallery-icon portrait'>\n\t\t\t\t<a data-elementor-open-lightbox=\"yes\" data-elementor-lightbox-slideshow=\"467a085\" data-elementor-lightbox-title=\"PROGRAMA PT\" data-e-action-hash=\"#elementor-action%3Aaction%3Dlightbox%26settings%3DeyJpZCI6MjA5OTYsInVybCI6Imh0dHBzOlwvXC93d3cuZXVyZXMtYW5kYWx1Y2lhLWFsZ2FydmUuZXVcL3dwLWNvbnRlbnRcL3VwbG9hZHNcLzIwMjRcLzExXC9QUk9HUkFNQS1QVC5wbmciLCJzbGlkZXNob3ciOiI0NjdhMDg1In0%3D\" href='https:\/\/www.eures-andalucia-algarve.eu\/wp-content\/uploads\/2024\/11\/PROGRAMA-PT.png'><img decoding=\"async\" width=\"768\" height=\"1086\" src=\"https:\/\/www.eures-andalucia-algarve.eu\/wp-content\/uploads\/2024\/11\/PROGRAMA-PT-768x1086.png\" class=\"attachment-medium_large size-medium_large\" alt=\"\" srcset=\"https:\/\/www.eures-andalucia-algarve.eu\/wp-content\/uploads\/2024\/11\/PROGRAMA-PT-768x1086.png 768w, https:\/\/www.eures-andalucia-algarve.eu\/wp-content\/uploads\/2024\/11\/PROGRAMA-PT-212x300.png 212w, https:\/\/www.eures-andalucia-algarve.eu\/wp-content\/uploads\/2024\/11\/PROGRAMA-PT-724x1024.png 724w, https:\/\/www.eures-andalucia-algarve.eu\/wp-content\/uploads\/2024\/11\/PROGRAMA-PT.png 905w\" sizes=\"(max-width: 768px) 100vw, 768px\" \/><\/a>\n\t\t\t<\/dt><\/dl><dl class='gallery-item'>\n\t\t\t<dt class='gallery-icon portrait'>\n\t\t\t\t<a data-elementor-open-lightbox=\"yes\" data-elementor-lightbox-slideshow=\"467a085\" data-elementor-lightbox-title=\"PROGRAMA ES\" data-e-action-hash=\"#elementor-action%3Aaction%3Dlightbox%26settings%3DeyJpZCI6MjA5OTgsInVybCI6Imh0dHBzOlwvXC93d3cuZXVyZXMtYW5kYWx1Y2lhLWFsZ2FydmUuZXVcL3dwLWNvbnRlbnRcL3VwbG9hZHNcLzIwMjRcLzExXC9QUk9HUkFNQS1FUy0ucG5nIiwic2xpZGVzaG93IjoiNDY3YTA4NSJ9\" href='https:\/\/www.eures-andalucia-algarve.eu\/wp-content\/uploads\/2024\/11\/PROGRAMA-ES-.png'><img decoding=\"async\" width=\"768\" height=\"1086\" src=\"https:\/\/www.eures-andalucia-algarve.eu\/wp-content\/uploads\/2024\/11\/PROGRAMA-ES--768x1086.png\" class=\"attachment-medium_large size-medium_large\" alt=\"\" srcset=\"https:\/\/www.eures-andalucia-algarve.eu\/wp-content\/uploads\/2024\/11\/PROGRAMA-ES--768x1086.png 768w, https:\/\/www.eures-andalucia-algarve.eu\/wp-content\/uploads\/2024\/11\/PROGRAMA-ES--212x300.png 212w, https:\/\/www.eures-andalucia-algarve.eu\/wp-content\/uploads\/2024\/11\/PROGRAMA-ES--724x1024.png 724w, https:\/\/www.eures-andalucia-algarve.eu\/wp-content\/uploads\/2024\/11\/PROGRAMA-ES-.png 905w\" sizes=\"(max-width: 768px) 100vw, 768px\" \/><\/a>\n\t\t\t<\/dt><\/dl><br style=\"clear: both\" \/>\n\t\t<\/div>\n\t\t<\/div>\n\t\t\t\t<\/div>\n\t\t\t\t<\/div>\n\t\t\t\t\t<\/div>\n\t\t\t\t<\/div>\n\t\t<div class=\"elementor-element elementor-element-71557e2 e-flex e-con-boxed wpr-particle-no wpr-jarallax-no wpr-parallax-no wpr-sticky-section-no e-con e-parent\" data-id=\"71557e2\" data-element_type=\"container\" data-settings=\"{&quot;content_width&quot;:&quot;boxed&quot;}\" data-core-v316-plus=\"true\">\n\t\t\t\t\t<div class=\"e-con-inner\">\n\t\t\t\t\t<\/div>\n\t\t\t\t<\/div>\n\t\t\t\t<\/div>\n\t\t","protected":false},"excerpt":{"rendered":"<p>As mulheres da Eurocidade do Guadiana voltam a participar num Encontro de Empres\u00e1rias onde continuar\u00e3o a conhecer ideias para gerar de novos neg\u00f3cios e oportunidades de obter apoio no processo de gerar novas empresas e fazer com que cres\u00e7am. Esta reuni\u00e3o abordar\u00e1 tamb\u00e9m o lan\u00e7amento de uma rede de coopera\u00e7\u00e3o transfronteiri\u00e7a entre mulheres empres\u00e1rias. O [&hellip;]<\/p>\n","protected":false},"author":11,"featured_media":20984,"comment_status":"closed","ping_status":"closed","sticky":false,"template":"","format":"standard","meta":{"om_disable_all_campaigns":false,"inline_featured_image":false,"_monsterinsights_skip_tracking":false,"_monsterinsights_sitenote_active":false,"_monsterinsights_sitenote_note":"","_monsterinsights_sitenote_category":0,"cybocfi_hide_featured_image":"","footnotes":"","_links_to":"","_links_to_target":""},"categories":[249,250],"tags":[722,721,347,282,433,259,495],"aioseo_notices":[],"_links":{"self":[{"href":"https:\/\/www.eures-andalucia-algarve.eu\/pt-pt\/wp-json\/wp\/v2\/posts\/21022"}],"collection":[{"href":"https:\/\/www.eures-andalucia-algarve.eu\/pt-pt\/wp-json\/wp\/v2\/posts"}],"about":[{"href":"https:\/\/www.eures-andalucia-algarve.eu\/pt-pt\/wp-json\/wp\/v2\/types\/post"}],"author":[{"embeddable":true,"href":"https:\/\/www.eures-andalucia-algarve.eu\/pt-pt\/wp-json\/wp\/v2\/users\/11"}],"replies":[{"embeddable":true,"href":"https:\/\/www.eures-andalucia-algarve.eu\/pt-pt\/wp-json\/wp\/v2\/comments?post=21022"}],"version-history":[{"count":7,"href":"https:\/\/www.eures-andalucia-algarve.eu\/pt-pt\/wp-json\/wp\/v2\/posts\/21022\/revisions"}],"predecessor-version":[{"id":22165,"href":"https:\/\/www.eures-andalucia-algarve.eu\/pt-pt\/wp-json\/wp\/v2\/posts\/21022\/revisions\/22165"}],"wp:featuredmedia":[{"embeddable":true,"href":"https:\/\/www.eures-andalucia-algarve.eu\/pt-pt\/wp-json\/wp\/v2\/media\/20984"}],"wp:attachment":[{"href":"https:\/\/www.eures-andalucia-algarve.eu\/pt-pt\/wp-json\/wp\/v2\/media?parent=21022"}],"wp:term":[{"taxonomy":"category","embeddable":true,"href":"https:\/\/www.eures-andalucia-algarve.eu\/pt-pt\/wp-json\/wp\/v2\/categories?post=21022"},{"taxonomy":"post_tag","embeddable":true,"href":"https:\/\/www.eures-andalucia-algarve.eu\/pt-pt\/wp-json\/wp\/v2\/tags?post=21022"}],"curies":[{"name":"wp","href":"https:\/\/api.w.org\/{rel}","templated":true}]}}