{"id":18617,"date":"2024-03-14T12:07:30","date_gmt":"2024-03-14T11:07:30","guid":{"rendered":"https:\/\/www.eures-andalucia-algarve.eu\/novo-webinar-do-cea-sobre-a-expansao-empresarial-transfronteirica-da-andaluzia-para-o-algarve\/"},"modified":"2024-03-14T12:42:21","modified_gmt":"2024-03-14T11:42:21","slug":"novo-webinar-do-cea-sobre-a-expansao-empresarial-transfronteirica-da-andaluzia-para-o-algarve","status":"publish","type":"post","link":"https:\/\/www.eures-andalucia-algarve.eu\/pt-pt\/novo-webinar-do-cea-sobre-a-expansao-empresarial-transfronteirica-da-andaluzia-para-o-algarve\/","title":{"rendered":"Novo webinar do CEA sobre a Expans\u00e3o Empresarial Transfronteiri\u00e7a da Andaluzia para o Algarve"},"content":{"rendered":"\t\t<div data-elementor-type=\"wp-post\" data-elementor-id=\"18617\" class=\"elementor elementor-18617 elementor-18603\">\n\t\t\t\t<div class=\"elementor-element elementor-element-2897dfb e-flex e-con-boxed wpr-particle-no wpr-jarallax-no wpr-parallax-no wpr-sticky-section-no e-con e-parent\" data-id=\"2897dfb\" data-element_type=\"container\" data-settings=\"{&quot;content_width&quot;:&quot;boxed&quot;}\" data-core-v316-plus=\"true\">\n\t\t\t\t\t<div class=\"e-con-inner\">\n\t\t<div class=\"elementor-element elementor-element-b1a8397 e-con-full e-flex wpr-particle-no wpr-jarallax-no wpr-parallax-no wpr-sticky-section-no e-con e-child\" data-id=\"b1a8397\" data-element_type=\"container\" data-settings=\"{&quot;content_width&quot;:&quot;full&quot;}\">\n\t\t\t\t<div class=\"elementor-element elementor-element-1f42d5f elementor-widget elementor-widget-text-editor\" data-id=\"1f42d5f\" data-element_type=\"widget\" data-widget_type=\"text-editor.default\">\n\t\t\t\t<div class=\"elementor-widget-container\">\n\t\t\t<style>\/*! elementor - v3.19.0 - 28-02-2024 *\/\n.elementor-widget-text-editor.elementor-drop-cap-view-stacked .elementor-drop-cap{background-color:#69727d;color:#fff}.elementor-widget-text-editor.elementor-drop-cap-view-framed .elementor-drop-cap{color:#69727d;border:3px solid;background-color:transparent}.elementor-widget-text-editor:not(.elementor-drop-cap-view-default) .elementor-drop-cap{margin-top:8px}.elementor-widget-text-editor:not(.elementor-drop-cap-view-default) .elementor-drop-cap-letter{width:1em;height:1em}.elementor-widget-text-editor .elementor-drop-cap{float:left;text-align:center;line-height:1;font-size:50px}.elementor-widget-text-editor .elementor-drop-cap-letter{display:inline-block}<\/style>\t\t\t\t<p><strong>A Confedera\u00e7\u00e3o Andaluza de Empres\u00e1rios, no \u00e2mbito das suas actividades transfronteiri\u00e7as EURES, est\u00e1 a organizar um novo semin\u00e1rio em linha com o objetivo principal de orientar os empres\u00e1rios andaluzes no seu processo de internacionaliza\u00e7\u00e3o para Portugal. Ao longo do evento, ser\u00e3o detalhadas as diferentes etapas existentes, desde o envio inicial de trabalhadores para Portugal ou a contrata\u00e7\u00e3o de um trabalhador no pa\u00eds, at\u00e9 ao estabelecimento de uma empresa no pa\u00eds vizinho. Ser\u00e3o fornecidas informa\u00e7\u00f5es essenciais sobre os tipos de sociedades existentes em Portugal, bem como sobre as obriga\u00e7\u00f5es contabil\u00edsticas, fiscais e laborais a que as empresas andaluzas devem estar atentas durante este processo.<\/strong><\/p>\n\t\t\t\t\t\t<\/div>\n\t\t\t\t<\/div>\n\t\t\t\t<\/div>\n\t\t<div class=\"elementor-element elementor-element-85f8d42 e-con-full e-flex wpr-particle-no wpr-jarallax-no wpr-parallax-no wpr-sticky-section-no e-con e-child\" data-id=\"85f8d42\" data-element_type=\"container\" data-settings=\"{&quot;content_width&quot;:&quot;full&quot;}\">\n\t\t\t\t<div class=\"elementor-element elementor-element-c9e3f00 elementor-widget elementor-widget-image\" data-id=\"c9e3f00\" data-element_type=\"widget\" data-widget_type=\"image.default\">\n\t\t\t\t<div class=\"elementor-widget-container\">\n\t\t\t<style>\/*! elementor - v3.19.0 - 28-02-2024 *\/\n.elementor-widget-image{text-align:center}.elementor-widget-image a{display:inline-block}.elementor-widget-image a img[src$=\".svg\"]{width:48px}.elementor-widget-image img{vertical-align:middle;display:inline-block}<\/style>\t\t\t\t\t\t\t\t\t\t<img fetchpriority=\"high\" decoding=\"async\" width=\"900\" height=\"304\" src=\"https:\/\/www.eures-andalucia-algarve.eu\/wp-content\/uploads\/2024\/03\/BANNER-CEA-260324-1024x346.jpg\" class=\"attachment-large size-large wp-image-18604\" alt=\"\" srcset=\"https:\/\/www.eures-andalucia-algarve.eu\/wp-content\/uploads\/2024\/03\/BANNER-CEA-260324-1024x346.jpg 1024w, https:\/\/www.eures-andalucia-algarve.eu\/wp-content\/uploads\/2024\/03\/BANNER-CEA-260324-300x101.jpg 300w, https:\/\/www.eures-andalucia-algarve.eu\/wp-content\/uploads\/2024\/03\/BANNER-CEA-260324-768x259.jpg 768w, https:\/\/www.eures-andalucia-algarve.eu\/wp-content\/uploads\/2024\/03\/BANNER-CEA-260324-1536x518.jpg 1536w, https:\/\/www.eures-andalucia-algarve.eu\/wp-content\/uploads\/2024\/03\/BANNER-CEA-260324.jpg 1600w\" sizes=\"(max-width: 900px) 100vw, 900px\" \/>\t\t\t\t\t\t\t\t\t\t\t\t\t<\/div>\n\t\t\t\t<\/div>\n\t\t\t\t<div class=\"elementor-element elementor-element-fdbc72f elementor-widget elementor-widget-text-editor\" data-id=\"fdbc72f\" data-element_type=\"widget\" data-widget_type=\"text-editor.default\">\n\t\t\t\t<div class=\"elementor-widget-container\">\n\t\t\t\t\t\t\t<p style=\"text-align: center;\">DATA: 26 de mar\u00e7o de 2024 Hora: 11:30 &#8211; 12:30 <\/p>\n\t\t\t\t\t\t<\/div>\n\t\t\t\t<\/div>\n\t\t\t\t<div class=\"elementor-element elementor-element-d659d0b elementor-align-center elementor-widget elementor-widget-button\" data-id=\"d659d0b\" data-element_type=\"widget\" data-widget_type=\"button.default\">\n\t\t\t\t<div class=\"elementor-widget-container\">\n\t\t\t\t\t<div class=\"elementor-button-wrapper\">\n\t\t\t<a class=\"elementor-button elementor-button-link elementor-size-sm\" href=\"https:\/\/www.cea.es\/webinar-expansione-empresarial-transfronteriza-desde-andalucia-hacia-el-algarve\/\">\n\t\t\t\t\t\t<span class=\"elementor-button-content-wrapper\">\n\t\t\t\t\t\t<span class=\"elementor-button-text\">Informa\u00e7\u00f5es e inscri\u00e7\u00f5es AQUI<\/span>\n\t\t<\/span>\n\t\t\t\t\t<\/a>\n\t\t<\/div>\n\t\t\t\t<\/div>\n\t\t\t\t<\/div>\n\t\t\t\t<\/div>\n\t\t\t\t\t<\/div>\n\t\t\t\t<\/div>\n\t\t\t\t<\/div>\n\t\t","protected":false},"excerpt":{"rendered":"<p>A Confedera\u00e7\u00e3o Andaluza de Empres\u00e1rios, no \u00e2mbito das suas actividades transfronteiri\u00e7as EURES, est\u00e1 a organizar um novo semin\u00e1rio em linha com o objetivo principal de orientar os empres\u00e1rios andaluzes no seu processo de internacionaliza\u00e7\u00e3o para Portugal. Ao longo do evento, ser\u00e3o detalhadas as diferentes etapas existentes, desde o envio inicial de trabalhadores para Portugal ou [&hellip;]<\/p>\n","protected":false},"author":11,"featured_media":18605,"comment_status":"open","ping_status":"open","sticky":false,"template":"","format":"standard","meta":{"om_disable_all_campaigns":false,"inline_featured_image":false,"_monsterinsights_skip_tracking":false,"_monsterinsights_sitenote_active":false,"_monsterinsights_sitenote_note":"","_monsterinsights_sitenote_category":0,"cybocfi_hide_featured_image":"","footnotes":"","_links_to":"","_links_to_target":""},"categories":[250],"tags":[265,347,433,260,259],"aioseo_notices":[],"_links":{"self":[{"href":"https:\/\/www.eures-andalucia-algarve.eu\/pt-pt\/wp-json\/wp\/v2\/posts\/18617"}],"collection":[{"href":"https:\/\/www.eures-andalucia-algarve.eu\/pt-pt\/wp-json\/wp\/v2\/posts"}],"about":[{"href":"https:\/\/www.eures-andalucia-algarve.eu\/pt-pt\/wp-json\/wp\/v2\/types\/post"}],"author":[{"embeddable":true,"href":"https:\/\/www.eures-andalucia-algarve.eu\/pt-pt\/wp-json\/wp\/v2\/users\/11"}],"replies":[{"embeddable":true,"href":"https:\/\/www.eures-andalucia-algarve.eu\/pt-pt\/wp-json\/wp\/v2\/comments?post=18617"}],"version-history":[{"count":2,"href":"https:\/\/www.eures-andalucia-algarve.eu\/pt-pt\/wp-json\/wp\/v2\/posts\/18617\/revisions"}],"predecessor-version":[{"id":18622,"href":"https:\/\/www.eures-andalucia-algarve.eu\/pt-pt\/wp-json\/wp\/v2\/posts\/18617\/revisions\/18622"}],"wp:featuredmedia":[{"embeddable":true,"href":"https:\/\/www.eures-andalucia-algarve.eu\/pt-pt\/wp-json\/wp\/v2\/media\/18605"}],"wp:attachment":[{"href":"https:\/\/www.eures-andalucia-algarve.eu\/pt-pt\/wp-json\/wp\/v2\/media?parent=18617"}],"wp:term":[{"taxonomy":"category","embeddable":true,"href":"https:\/\/www.eures-andalucia-algarve.eu\/pt-pt\/wp-json\/wp\/v2\/categories?post=18617"},{"taxonomy":"post_tag","embeddable":true,"href":"https:\/\/www.eures-andalucia-algarve.eu\/pt-pt\/wp-json\/wp\/v2\/tags?post=18617"}],"curies":[{"name":"wp","href":"https:\/\/api.w.org\/{rel}","templated":true}]}}