{"id":17335,"date":"2024-02-20T08:23:15","date_gmt":"2024-02-20T07:23:15","guid":{"rendered":"https:\/\/www.eures-andalucia-algarve.eu\/a-eurociudad-del-guadiana-organiza-a-sua-primeira-feira-transfronteirica-de-formacao-e-estagios-profissionais-no-ambito-do-projeto-eures-t-aa\/"},"modified":"2024-02-20T08:40:59","modified_gmt":"2024-02-20T07:40:59","slug":"a-eurociudad-del-guadiana-organiza-a-sua-primeira-feira-transfronteirica-de-formacao-e-estagios-profissionais-no-ambito-do-projeto-eures-t-aa","status":"publish","type":"post","link":"https:\/\/www.eures-andalucia-algarve.eu\/pt-pt\/a-eurociudad-del-guadiana-organiza-a-sua-primeira-feira-transfronteirica-de-formacao-e-estagios-profissionais-no-ambito-do-projeto-eures-t-aa\/","title":{"rendered":"A Eurociudad del Guadiana organiza a sua primeira feira transfronteiri\u00e7a de forma\u00e7\u00e3o e est\u00e1gios profissionais no \u00e2mbito do projeto EURES-T AA."},"content":{"rendered":"\t\t<div data-elementor-type=\"wp-post\" data-elementor-id=\"17335\" class=\"elementor elementor-17335 elementor-17319\">\n\t\t\t\t<div class=\"elementor-element elementor-element-2897dfb e-flex e-con-boxed wpr-particle-no wpr-jarallax-no wpr-parallax-no wpr-sticky-section-no e-con e-parent\" data-id=\"2897dfb\" data-element_type=\"container\" data-settings=\"{&quot;content_width&quot;:&quot;boxed&quot;}\" data-core-v316-plus=\"true\">\n\t\t\t\t\t<div class=\"e-con-inner\">\n\t\t<div class=\"elementor-element elementor-element-b1a8397 e-con-full e-flex wpr-particle-no wpr-jarallax-no wpr-parallax-no wpr-sticky-section-no e-con e-child\" data-id=\"b1a8397\" data-element_type=\"container\" data-settings=\"{&quot;content_width&quot;:&quot;full&quot;}\">\n\t\t\t\t<div class=\"elementor-element elementor-element-1f42d5f elementor-widget elementor-widget-text-editor\" data-id=\"1f42d5f\" data-element_type=\"widget\" data-widget_type=\"text-editor.default\">\n\t\t\t\t<div class=\"elementor-widget-container\">\n\t\t\t<style>\/*! elementor - v3.19.0 - 28-02-2024 *\/\n.elementor-widget-text-editor.elementor-drop-cap-view-stacked .elementor-drop-cap{background-color:#69727d;color:#fff}.elementor-widget-text-editor.elementor-drop-cap-view-framed .elementor-drop-cap{color:#69727d;border:3px solid;background-color:transparent}.elementor-widget-text-editor:not(.elementor-drop-cap-view-default) .elementor-drop-cap{margin-top:8px}.elementor-widget-text-editor:not(.elementor-drop-cap-view-default) .elementor-drop-cap-letter{width:1em;height:1em}.elementor-widget-text-editor .elementor-drop-cap{float:left;text-align:center;line-height:1;font-size:50px}.elementor-widget-text-editor .elementor-drop-cap-letter{display:inline-block}<\/style>\t\t\t\t<p>A primeira Feira Transfronteiri\u00e7a da Oferta Formativa e das Pr\u00e1ticas Profissionais Est\u00e1gios \u00e9 uma iniciativa da Eurocidade do Guadiana inserida no projeto Eures Transfronteiri\u00e7o Andaluzia Algarve. Este evento, que decorrera no dia 23 de fevereiro no Centro de Congressos de Ayamonte, tem como objetivo informar os estudantes da prov\u00edncia de Huelva e do Algarve sobre as oportunidades de forma\u00e7\u00e3o que podem encontrar do outro lado da fronteira.<\/p>\n<p>A feira contar\u00e1 com a presen\u00e7a de estudantes e professores das Universidades de Huelva e do Algarve, de centros de ensino secund\u00e1rio e profissional, de escolas de forma\u00e7\u00e3o especializada&#8230; Esta atividade ser\u00e1 um ponto de encontro entre os estudantes e as empresas que lhes podem oferecer est\u00e1gios e oportunidades de entrar no mercado de trabalho. As institui\u00e7\u00f5es de ensino tamb\u00e9m estar\u00e3o presentes para fornecer informa\u00e7\u00f5es sobre a mobilidade dos estudantes, a valida\u00e7\u00e3o e a transfer\u00eancia de registos entre os dois sistemas de ensino.<\/p>\n\t\t\t\t\t\t<\/div>\n\t\t\t\t<\/div>\n\t\t\t\t<\/div>\n\t\t<div class=\"elementor-element elementor-element-85f8d42 e-con-full e-flex wpr-particle-no wpr-jarallax-no wpr-parallax-no wpr-sticky-section-no e-con e-child\" data-id=\"85f8d42\" data-element_type=\"container\" data-settings=\"{&quot;content_width&quot;:&quot;full&quot;}\">\n\t\t\t\t<div class=\"elementor-element elementor-element-31873f1 elementor-widget elementor-widget-image\" data-id=\"31873f1\" data-element_type=\"widget\" data-widget_type=\"image.default\">\n\t\t\t\t<div class=\"elementor-widget-container\">\n\t\t\t<style>\/*! elementor - v3.19.0 - 28-02-2024 *\/\n.elementor-widget-image{text-align:center}.elementor-widget-image a{display:inline-block}.elementor-widget-image a img[src$=\".svg\"]{width:48px}.elementor-widget-image img{vertical-align:middle;display:inline-block}<\/style>\t\t\t\t\t\t\t\t\t\t<img fetchpriority=\"high\" decoding=\"async\" width=\"727\" height=\"1024\" src=\"https:\/\/www.eures-andalucia-algarve.eu\/wp-content\/uploads\/2024\/02\/feria-eurociudad-727x1024.jpg\" class=\"attachment-large size-large wp-image-17320\" alt=\"\" srcset=\"https:\/\/www.eures-andalucia-algarve.eu\/wp-content\/uploads\/2024\/02\/feria-eurociudad-727x1024.jpg 727w, https:\/\/www.eures-andalucia-algarve.eu\/wp-content\/uploads\/2024\/02\/feria-eurociudad-213x300.jpg 213w, https:\/\/www.eures-andalucia-algarve.eu\/wp-content\/uploads\/2024\/02\/feria-eurociudad-768x1082.jpg 768w, https:\/\/www.eures-andalucia-algarve.eu\/wp-content\/uploads\/2024\/02\/feria-eurociudad-1091x1536.jpg 1091w, https:\/\/www.eures-andalucia-algarve.eu\/wp-content\/uploads\/2024\/02\/feria-eurociudad.jpg 1136w\" sizes=\"(max-width: 727px) 100vw, 727px\" \/>\t\t\t\t\t\t\t\t\t\t\t\t\t<\/div>\n\t\t\t\t<\/div>\n\t\t\t\t<\/div>\n\t\t\t\t\t<\/div>\n\t\t\t\t<\/div>\n\t\t<div class=\"elementor-element elementor-element-7311a45 e-flex e-con-boxed wpr-particle-no wpr-jarallax-no wpr-parallax-no wpr-sticky-section-no e-con e-parent\" data-id=\"7311a45\" data-element_type=\"container\" data-settings=\"{&quot;content_width&quot;:&quot;boxed&quot;}\" data-core-v316-plus=\"true\">\n\t\t\t\t\t<div class=\"e-con-inner\">\n\t\t\t\t\t<\/div>\n\t\t\t\t<\/div>\n\t\t\t\t<\/div>\n\t\t","protected":false},"excerpt":{"rendered":"<p>A primeira Feira Transfronteiri\u00e7a da Oferta Formativa e das Pr\u00e1ticas Profissionais Est\u00e1gios \u00e9 uma iniciativa da Eurocidade do Guadiana inserida no projeto Eures Transfronteiri\u00e7o Andaluzia Algarve. Este evento, que decorrera no dia 23 de fevereiro no Centro de Congressos de Ayamonte, tem como objetivo informar os estudantes da prov\u00edncia de Huelva e do Algarve sobre [&hellip;]<\/p>\n","protected":false},"author":11,"featured_media":17321,"comment_status":"open","ping_status":"open","sticky":false,"template":"","format":"standard","meta":{"om_disable_all_campaigns":false,"inline_featured_image":false,"_monsterinsights_skip_tracking":false,"_monsterinsights_sitenote_active":false,"_monsterinsights_sitenote_note":"","_monsterinsights_sitenote_category":0,"cybocfi_hide_featured_image":"","footnotes":"","_links_to":"","_links_to_target":""},"categories":[135],"tags":[431,347,433,430,432,348],"aioseo_notices":[],"_links":{"self":[{"href":"https:\/\/www.eures-andalucia-algarve.eu\/pt-pt\/wp-json\/wp\/v2\/posts\/17335"}],"collection":[{"href":"https:\/\/www.eures-andalucia-algarve.eu\/pt-pt\/wp-json\/wp\/v2\/posts"}],"about":[{"href":"https:\/\/www.eures-andalucia-algarve.eu\/pt-pt\/wp-json\/wp\/v2\/types\/post"}],"author":[{"embeddable":true,"href":"https:\/\/www.eures-andalucia-algarve.eu\/pt-pt\/wp-json\/wp\/v2\/users\/11"}],"replies":[{"embeddable":true,"href":"https:\/\/www.eures-andalucia-algarve.eu\/pt-pt\/wp-json\/wp\/v2\/comments?post=17335"}],"version-history":[{"count":1,"href":"https:\/\/www.eures-andalucia-algarve.eu\/pt-pt\/wp-json\/wp\/v2\/posts\/17335\/revisions"}],"predecessor-version":[{"id":17336,"href":"https:\/\/www.eures-andalucia-algarve.eu\/pt-pt\/wp-json\/wp\/v2\/posts\/17335\/revisions\/17336"}],"wp:featuredmedia":[{"embeddable":true,"href":"https:\/\/www.eures-andalucia-algarve.eu\/pt-pt\/wp-json\/wp\/v2\/media\/17321"}],"wp:attachment":[{"href":"https:\/\/www.eures-andalucia-algarve.eu\/pt-pt\/wp-json\/wp\/v2\/media?parent=17335"}],"wp:term":[{"taxonomy":"category","embeddable":true,"href":"https:\/\/www.eures-andalucia-algarve.eu\/pt-pt\/wp-json\/wp\/v2\/categories?post=17335"},{"taxonomy":"post_tag","embeddable":true,"href":"https:\/\/www.eures-andalucia-algarve.eu\/pt-pt\/wp-json\/wp\/v2\/tags?post=17335"}],"curies":[{"name":"wp","href":"https:\/\/api.w.org\/{rel}","templated":true}]}}