{"id":17280,"date":"2024-02-15T11:32:28","date_gmt":"2024-02-15T10:32:28","guid":{"rendered":"https:\/\/www.eures-andalucia-algarve.eu\/?p=17280"},"modified":"2024-02-15T11:40:03","modified_gmt":"2024-02-15T10:40:03","slug":"o-eures-transfronteirico-andaluzia-algarve-mostrou-seus-servicos-especializados-as-principais-empresas-turisticas-do-algarve-2","status":"publish","type":"post","link":"https:\/\/www.eures-andalucia-algarve.eu\/pt-pt\/o-eures-transfronteirico-andaluzia-algarve-mostrou-seus-servicos-especializados-as-principais-empresas-turisticas-do-algarve-2\/","title":{"rendered":"O EURES Transfronteiri\u00e7o Andaluz\u00eda-Algarve mostrou seus servi\u00e7os especializados \u00e0s principais empresas tur\u00edsticas do Algarve"},"content":{"rendered":"\t\t<div data-elementor-type=\"wp-post\" data-elementor-id=\"17280\" class=\"elementor elementor-17280\">\n\t\t\t\t<div class=\"elementor-element elementor-element-2897dfb e-flex e-con-boxed wpr-particle-no wpr-jarallax-no wpr-parallax-no wpr-sticky-section-no e-con e-parent\" data-id=\"2897dfb\" data-element_type=\"container\" data-settings=\"{&quot;content_width&quot;:&quot;boxed&quot;}\" data-core-v316-plus=\"true\">\n\t\t\t\t\t<div class=\"e-con-inner\">\n\t\t<div class=\"elementor-element elementor-element-b1a8397 e-con-full e-flex wpr-particle-no wpr-jarallax-no wpr-parallax-no wpr-sticky-section-no e-con e-child\" data-id=\"b1a8397\" data-element_type=\"container\" data-settings=\"{&quot;content_width&quot;:&quot;full&quot;}\">\n\t\t\t\t<div class=\"elementor-element elementor-element-1f42d5f elementor-widget elementor-widget-text-editor\" data-id=\"1f42d5f\" data-element_type=\"widget\" data-widget_type=\"text-editor.default\">\n\t\t\t\t<div class=\"elementor-widget-container\">\n\t\t\t<style>\/*! elementor - v3.19.0 - 28-02-2024 *\/\n.elementor-widget-text-editor.elementor-drop-cap-view-stacked .elementor-drop-cap{background-color:#69727d;color:#fff}.elementor-widget-text-editor.elementor-drop-cap-view-framed .elementor-drop-cap{color:#69727d;border:3px solid;background-color:transparent}.elementor-widget-text-editor:not(.elementor-drop-cap-view-default) .elementor-drop-cap{margin-top:8px}.elementor-widget-text-editor:not(.elementor-drop-cap-view-default) .elementor-drop-cap-letter{width:1em;height:1em}.elementor-widget-text-editor .elementor-drop-cap{float:left;text-align:center;line-height:1;font-size:50px}.elementor-widget-text-editor .elementor-drop-cap-letter{display:inline-block}<\/style>\t\t\t\t<p><strong>O EURES Transfronteiri\u00e7o Andaluzia Algarve participou conjuntamente com a EURES Portugal na 2\u00aa edi\u00e7\u00e3o da feira de emprego do setor de hotelaria, restaura\u00e7\u00e3o e turismo, que se realizou no dia 5 de fevereiro, no Centro de Congressos em Vilamoura.<\/strong><\/p><p>O evento foi promovido pela Bolsa de Empregabilidade, uma plataforma que se dedica a juntar empregadores e candidatos (Matching), deste setor emergente e tem o apoio institucional de parceiros como o IEFP (Instituto do Emprego e Forma\u00e7\u00e3o Profissional) e AHRESP (Associa\u00e7\u00e3o da Hotelaria, Restaura\u00e7\u00e3o e Similares de Portugal) e do Turismo de Portugal.<\/p><p>As feiras de emprego f\u00edsicas da Bolsa de Empregabilidade acontecem atualmente em 5 locais: Porto, Centro, Lisboa, Alentejo e Algarve. Em qualquer uma delas encontramos uma sele\u00e7\u00e3o de empresas a recrutar para diversas \u00e1reas do setor do Turismo. Desde hotelaria, a anima\u00e7\u00e3o tur\u00edstica, a restaura\u00e7\u00e3o, entre outras. Cada empresa \u00e9 representada pelos seus respons\u00e1veis de Recursos Humanos, que estar\u00e3o l\u00e1 para interagir consigo e tirar d\u00favidas sobre as vagas dispon\u00edveis. A participa\u00e7\u00e3o nas feiras \u00e9 gratuita, mediante inscri\u00e7\u00e3o pr\u00e9via.<\/p><p>No evento, para al\u00e9m de ter stand pr\u00f3prio, os t\u00e9cnicos do IEFP e os respons\u00e1veis da rede EURES e EUREST AA no Algarve informaram as empresas participantes dos seus servi\u00e7os especilizados em mobilidade laboral para candidatos de toda a Europa, dando enfase aos relacionados com a mobilidade transfronteiri\u00e7a com Espanha e divulgaram a pr\u00f3xima feira online de emprego Seize the Summer with EURES a celebrar nos d\u00edas 21 e 21 de fevereiro.<\/p><p>Algumas das empresas contactadas foram: Pestana, PortoBay, Quinta do Lago Resort, Real Hotels Group, 3HB Hotels &amp; Resorts, AP Hotels &amp; Resorts, Blue and Green, JJW Hotels &amp; Resorts, Jupiter Hotel Group, Lovely Stay, Martinhal Family Hotels &amp; Resorts, Memmo Unforgettable, Minor, Vale do Lobo, Vagatur, VidaMar Hotels &amp; Resorts, Vila Gal\u00e9, Vila Vita Parc Resort &amp; Spa, Walgarve, Wyndham Grand Algarve, Wellgroup, Details Hotels &amp; Resorts, Herdade Praia do Canal, Herdade da Malhadinha, NovaHighgate, Hotel Infante Sagres e HotiHoteis.<\/p>\t\t\t\t\t\t<\/div>\n\t\t\t\t<\/div>\n\t\t\t\t<\/div>\n\t\t<div class=\"elementor-element elementor-element-85f8d42 e-con-full e-flex wpr-particle-no wpr-jarallax-no wpr-parallax-no wpr-sticky-section-no e-con e-child\" data-id=\"85f8d42\" data-element_type=\"container\" data-settings=\"{&quot;content_width&quot;:&quot;full&quot;}\">\n\t\t\t\t<div class=\"elementor-element elementor-element-31873f1 elementor-widget elementor-widget-image\" data-id=\"31873f1\" data-element_type=\"widget\" data-widget_type=\"image.default\">\n\t\t\t\t<div class=\"elementor-widget-container\">\n\t\t\t<style>\/*! elementor - v3.19.0 - 28-02-2024 *\/\n.elementor-widget-image{text-align:center}.elementor-widget-image a{display:inline-block}.elementor-widget-image a img[src$=\".svg\"]{width:48px}.elementor-widget-image img{vertical-align:middle;display:inline-block}<\/style>\t\t\t\t\t\t\t\t\t\t<img fetchpriority=\"high\" decoding=\"async\" width=\"696\" height=\"928\" src=\"https:\/\/www.eures-andalucia-algarve.eu\/wp-content\/uploads\/2024\/02\/feria-stands.jpg\" class=\"attachment-large size-large wp-image-17271\" alt=\"\" srcset=\"https:\/\/www.eures-andalucia-algarve.eu\/wp-content\/uploads\/2024\/02\/feria-stands.jpg 696w, https:\/\/www.eures-andalucia-algarve.eu\/wp-content\/uploads\/2024\/02\/feria-stands-225x300.jpg 225w\" sizes=\"(max-width: 696px) 100vw, 696px\" \/>\t\t\t\t\t\t\t\t\t\t\t\t\t<\/div>\n\t\t\t\t<\/div>\n\t\t\t\t<\/div>\n\t\t\t\t\t<\/div>\n\t\t\t\t<\/div>\n\t\t<div class=\"elementor-element elementor-element-7311a45 e-flex e-con-boxed wpr-particle-no wpr-jarallax-no wpr-parallax-no wpr-sticky-section-no e-con e-parent\" data-id=\"7311a45\" data-element_type=\"container\" data-settings=\"{&quot;content_width&quot;:&quot;boxed&quot;}\" data-core-v316-plus=\"true\">\n\t\t\t\t\t<div class=\"e-con-inner\">\n\t\t\t\t\t<\/div>\n\t\t\t\t<\/div>\n\t\t\t\t<\/div>\n\t\t","protected":false},"excerpt":{"rendered":"<p>O EURES Transfronteiri\u00e7o Andaluzia Algarve participou conjuntamente com a EURES Portugal na 2\u00aa edi\u00e7\u00e3o da feira de emprego do setor de hotelaria, restaura\u00e7\u00e3o e turismo, que se realizou no dia 5 de fevereiro, no Centro de Congressos em Vilamoura.O evento foi promovido pela Bolsa de Empregabilidade, uma plataforma que se dedica a juntar empregadores e [&hellip;]<\/p>\n","protected":false},"author":11,"featured_media":17269,"comment_status":"open","ping_status":"open","sticky":false,"template":"","format":"standard","meta":{"om_disable_all_campaigns":false,"inline_featured_image":false,"_monsterinsights_skip_tracking":false,"_monsterinsights_sitenote_active":false,"_monsterinsights_sitenote_note":"","_monsterinsights_sitenote_category":0,"cybocfi_hide_featured_image":"yes","footnotes":"","_links_to":"","_links_to_target":""},"categories":[249,250],"tags":[],"aioseo_notices":[],"_links":{"self":[{"href":"https:\/\/www.eures-andalucia-algarve.eu\/pt-pt\/wp-json\/wp\/v2\/posts\/17280"}],"collection":[{"href":"https:\/\/www.eures-andalucia-algarve.eu\/pt-pt\/wp-json\/wp\/v2\/posts"}],"about":[{"href":"https:\/\/www.eures-andalucia-algarve.eu\/pt-pt\/wp-json\/wp\/v2\/types\/post"}],"author":[{"embeddable":true,"href":"https:\/\/www.eures-andalucia-algarve.eu\/pt-pt\/wp-json\/wp\/v2\/users\/11"}],"replies":[{"embeddable":true,"href":"https:\/\/www.eures-andalucia-algarve.eu\/pt-pt\/wp-json\/wp\/v2\/comments?post=17280"}],"version-history":[{"count":7,"href":"https:\/\/www.eures-andalucia-algarve.eu\/pt-pt\/wp-json\/wp\/v2\/posts\/17280\/revisions"}],"predecessor-version":[{"id":17288,"href":"https:\/\/www.eures-andalucia-algarve.eu\/pt-pt\/wp-json\/wp\/v2\/posts\/17280\/revisions\/17288"}],"wp:featuredmedia":[{"embeddable":true,"href":"https:\/\/www.eures-andalucia-algarve.eu\/pt-pt\/wp-json\/wp\/v2\/media\/17269"}],"wp:attachment":[{"href":"https:\/\/www.eures-andalucia-algarve.eu\/pt-pt\/wp-json\/wp\/v2\/media?parent=17280"}],"wp:term":[{"taxonomy":"category","embeddable":true,"href":"https:\/\/www.eures-andalucia-algarve.eu\/pt-pt\/wp-json\/wp\/v2\/categories?post=17280"},{"taxonomy":"post_tag","embeddable":true,"href":"https:\/\/www.eures-andalucia-algarve.eu\/pt-pt\/wp-json\/wp\/v2\/tags?post=17280"}],"curies":[{"name":"wp","href":"https:\/\/api.w.org\/{rel}","templated":true}]}}