{"id":14109,"date":"2018-05-11T13:13:35","date_gmt":"2018-05-11T11:13:35","guid":{"rendered":"https:\/\/www.eures-andalucia-algarve.eu\/os-socios-do-eures-t-deram-a-conhecer-o-seu-plano-de-atividades-para-o-2018\/"},"modified":"2023-11-17T15:07:04","modified_gmt":"2023-11-17T14:07:04","slug":"os-socios-do-eures-t-deram-a-conhecer-o-seu-plano-de-atividades-para-o-2018","status":"publish","type":"post","link":"https:\/\/www.eures-andalucia-algarve.eu\/pt-pt\/os-socios-do-eures-t-deram-a-conhecer-o-seu-plano-de-atividades-para-o-2018\/","title":{"rendered":"Os s\u00f3cios do EURES-T deram a conhecer o seu plano de atividades para o 2018"},"content":{"rendered":"\t\t<div data-elementor-type=\"wp-post\" data-elementor-id=\"14109\" class=\"elementor elementor-14109 elementor-11279\">\n\t\t\t\t<div class=\"elementor-element elementor-element-397b3b44 e-flex e-con-boxed wpr-particle-no wpr-jarallax-no wpr-parallax-no wpr-sticky-section-no e-con e-parent\" data-id=\"397b3b44\" data-element_type=\"container\" data-settings=\"{&quot;content_width&quot;:&quot;boxed&quot;}\" data-core-v316-plus=\"true\">\n\t\t\t\t\t<div class=\"e-con-inner\">\n\t\t\t\t<div class=\"elementor-element elementor-element-e8f5b85 elementor-widget elementor-widget-image\" data-id=\"e8f5b85\" data-element_type=\"widget\" data-widget_type=\"image.default\">\n\t\t\t\t<div class=\"elementor-widget-container\">\n\t\t\t<style>\/*! elementor - v3.19.0 - 28-02-2024 *\/\n.elementor-widget-image{text-align:center}.elementor-widget-image a{display:inline-block}.elementor-widget-image a img[src$=\".svg\"]{width:48px}.elementor-widget-image img{vertical-align:middle;display:inline-block}<\/style>\t\t\t\t\t\t\t\t\t\t<img decoding=\"async\" src=\"https:\/\/www.eures-andalucia-algarve.eu\/wp-content\/uploads\/2018\/05\/fotoportadawebmejorda-scaled.jpg\" title=\"\" alt=\"\" loading=\"lazy\" \/>\t\t\t\t\t\t\t\t\t\t\t\t\t<\/div>\n\t\t\t\t<\/div>\n\t\t\t\t<div class=\"elementor-element elementor-element-bde9f4c elementor-widget elementor-widget-heading\" data-id=\"bde9f4c\" data-element_type=\"widget\" data-widget_type=\"heading.default\">\n\t\t\t\t<div class=\"elementor-widget-container\">\n\t\t\t<style>\/*! elementor - v3.19.0 - 28-02-2024 *\/\n.elementor-heading-title{padding:0;margin:0;line-height:1}.elementor-widget-heading .elementor-heading-title[class*=elementor-size-]>a{color:inherit;font-size:inherit;line-height:inherit}.elementor-widget-heading .elementor-heading-title.elementor-size-small{font-size:15px}.elementor-widget-heading .elementor-heading-title.elementor-size-medium{font-size:19px}.elementor-widget-heading .elementor-heading-title.elementor-size-large{font-size:29px}.elementor-widget-heading .elementor-heading-title.elementor-size-xl{font-size:39px}.elementor-widget-heading .elementor-heading-title.elementor-size-xxl{font-size:59px}<\/style><h2 class=\"elementor-heading-title elementor-size-default\">Os s\u00f3cios do EURES-T deram a conhecer o seu plano de atividades para o 2018\n<\/h2>\t\t<\/div>\n\t\t\t\t<\/div>\n\t\t\t\t<div class=\"elementor-element elementor-element-a09e31d elementor-widget elementor-widget-heading\" data-id=\"a09e31d\" data-element_type=\"widget\" data-widget_type=\"heading.default\">\n\t\t\t\t<div class=\"elementor-widget-container\">\n\t\t\t<h5 class=\"elementor-heading-title elementor-size-default\">O EURES Transfronteiri\u00e7o Andaluzia-Algarve, que cumpre o seu segundo ano, tenta melhorar o acesso \u00e0 informa\u00e7\u00e3o relativamente a oferta e procura de emprego das duas regi\u00f5es, assessorar os trabalhadores e empres\u00e1rios sobre a legisla\u00e7\u00e3o de ambos os pa\u00edses em mat\u00e9ria s\u00f3cio laboral, seguran\u00e7a social e fiscalidade, para al\u00e9m de proporcionar-lhes elementos informativos sobre condi\u00e7\u00f5es de vida e de trabalho dos dois lados da fronteira.<\/h5>\t\t<\/div>\n\t\t\t\t<\/div>\n\t\t\t\t<div class=\"elementor-element elementor-element-3894b16 elementor-widget elementor-widget-text-editor\" data-id=\"3894b16\" data-element_type=\"widget\" data-widget_type=\"text-editor.default\">\n\t\t\t\t<div class=\"elementor-widget-container\">\n\t\t\t<style>\/*! elementor - v3.19.0 - 28-02-2024 *\/\n.elementor-widget-text-editor.elementor-drop-cap-view-stacked .elementor-drop-cap{background-color:#69727d;color:#fff}.elementor-widget-text-editor.elementor-drop-cap-view-framed .elementor-drop-cap{color:#69727d;border:3px solid;background-color:transparent}.elementor-widget-text-editor:not(.elementor-drop-cap-view-default) .elementor-drop-cap{margin-top:8px}.elementor-widget-text-editor:not(.elementor-drop-cap-view-default) .elementor-drop-cap-letter{width:1em;height:1em}.elementor-widget-text-editor .elementor-drop-cap{float:left;text-align:center;line-height:1;font-size:50px}.elementor-widget-text-editor .elementor-drop-cap-letter{display:inline-block}<\/style>\t\t\t\t<p>O diretor geral de Pol\u00edticas Ativas de Emprego, Rafael Moreno; e a vice-reitora de Inova\u00e7\u00e3o e Empregabilidade, Isabel Rodr\u00edguez, a delegada regional do Instituto de Emprego e Forma\u00e7\u00e3o Profissional (IEFP) no Algarve, Madalena Feu e o delegado territorial de Economia, Inova\u00e7\u00e3o, Ci\u00eancia e Emprego da Junta da Andaluzia em Huelva, Manuel Ceada foram os respons\u00e1veis pelas boas-vindas aos representantes das diferentes entidades que integram a parceria EURES Transfronteiri\u00e7o Andaluzia-Algarve e que no passado 23 de abril estiveram reunidos na aula magna da faculdade de Ci\u00eancias Experimentais da UHU para apresentar as diferentes atua\u00e7\u00f5es que ir\u00e3o desenvolver-se no ano de 2018, bem como assinar os acordos de colabora\u00e7\u00e3o que ir\u00e3o vincular todas as partes na execu\u00e7\u00e3o e acompanhamento do mesmo.<\/p>\n\t\t\t\t\t\t<\/div>\n\t\t\t\t<\/div>\n\t\t\t\t<div class=\"elementor-element elementor-element-e67f55a elementor-widget elementor-widget-image\" data-id=\"e67f55a\" data-element_type=\"widget\" data-widget_type=\"image.default\">\n\t\t\t\t<div class=\"elementor-widget-container\">\n\t\t\t\t\t\t\t\t\t\t\t\t\t<img fetchpriority=\"high\" decoding=\"async\" width=\"900\" height=\"675\" src=\"https:\/\/www.eures-andalucia-algarve.eu\/wp-content\/uploads\/2018\/05\/20180423_095346-1024x768.jpg\" class=\"attachment-large size-large wp-image-11996\" alt=\"\" srcset=\"https:\/\/www.eures-andalucia-algarve.eu\/wp-content\/uploads\/2018\/05\/20180423_095346-1024x768.jpg 1024w, https:\/\/www.eures-andalucia-algarve.eu\/wp-content\/uploads\/2018\/05\/20180423_095346-300x225.jpg 300w, https:\/\/www.eures-andalucia-algarve.eu\/wp-content\/uploads\/2018\/05\/20180423_095346-768x576.jpg 768w, https:\/\/www.eures-andalucia-algarve.eu\/wp-content\/uploads\/2018\/05\/20180423_095346-1536x1152.jpg 1536w, https:\/\/www.eures-andalucia-algarve.eu\/wp-content\/uploads\/2018\/05\/20180423_095346-2048x1536.jpg 2048w\" sizes=\"(max-width: 900px) 100vw, 900px\" \/>\t\t\t\t\t\t\t\t\t\t\t\t\t<\/div>\n\t\t\t\t<\/div>\n\t\t\t\t<div class=\"elementor-element elementor-element-dcc9cb3 elementor-widget elementor-widget-text-editor\" data-id=\"dcc9cb3\" data-element_type=\"widget\" data-widget_type=\"text-editor.default\">\n\t\t\t\t<div class=\"elementor-widget-container\">\n\t\t\t\t\t\t\t<p>Os servi\u00e7os que oferece a Parceria t\u00eam como objetivo promover o emprego transfronteiri\u00e7o eliminando os obst\u00e1culos \u00e0 mobilidade e fomentando a coopera\u00e7\u00e3o no \u00e2mbito laboral entre as regi\u00f5es da Andaluzia e Algarve. O projeto \u00e9 cofinanciado pela UE e atualmente \u00e9 coordenado pelo Servi\u00e7o Andaluz de Emprego em colabora\u00e7\u00e3o com o Instituto do Emprego e Forma\u00e7\u00e3o Profissional e os s\u00f3cios da parceria entre os quais se encontram o Servi\u00e7o P\u00fablico de Emprego Estatal, as universidades de Huelva e do Algarve, os servi\u00e7os Europa Direct vinculados ao CCDR Algarve e a Diputaci\u00f3n de Huelva, a Associa\u00e7\u00e3o para o Desenvolvimento do Baixo Guadiana \u201cOdiana\u201d e as principais organiza\u00e7\u00f5es empresariais e sindicais com presen\u00e7a no territ\u00f3rio fronteiri\u00e7o (CEA, FOE, AHETA, ACRAL, CCOO Andaluc\u00eda, UGT Andaluc\u00eda, UGT Algarve e CGTP-IN).<\/p>\n\t\t\t\t\t\t<\/div>\n\t\t\t\t<\/div>\n\t\t\t\t<div class=\"elementor-element elementor-element-a1cbc36 elementor-widget elementor-widget-text-editor\" data-id=\"a1cbc36\" data-element_type=\"widget\" data-widget_type=\"text-editor.default\">\n\t\t\t\t<div class=\"elementor-widget-container\">\n\t\t\t\t\t\t\t<p>Todas estas organiza\u00e7\u00f5es tiveram a oportunidade de mostrar as suas propostas de atividades e a sua implica\u00e7\u00e3o no projeto subscrevendo os protocolos de colabora\u00e7\u00e3o entre todos os membros da parceria e o de coopera\u00e7\u00e3o interna entre os s\u00f3cios benefici\u00e1rios.<\/p>\n<p>De igual forma, foram apresentados os \u00f3rg\u00e3os que, a n\u00edvel interno, ir\u00e3o controlar o bom desenvolvimento e a fiscaliza\u00e7\u00e3o do programa, designadamente, o Comit\u00e9 Consultivo de Acompanhamento e Avalia\u00e7\u00e3o integrado por representantes de todos os s\u00f3cios e o Comit\u00e9 de Dire\u00e7\u00e3o, Coordena\u00e7\u00e3o e Execu\u00e7\u00e3o composto nos seus n\u00edveis de dire\u00e7\u00e3o e de execu\u00e7\u00e3o por representantes do SAE e do IEFP.<\/p>\n\t\t\t\t\t\t<\/div>\n\t\t\t\t<\/div>\n\t\t\t\t\t<\/div>\n\t\t\t\t<\/div>\n\t\t\t\t<\/div>\n\t\t","protected":false},"excerpt":{"rendered":"<p>Os s\u00f3cios do EURES-T deram a conhecer o seu plano de atividades para o 2018 O EURES Transfronteiri\u00e7o Andaluzia-Algarve, que cumpre o seu segundo ano, tenta melhorar o acesso \u00e0 informa\u00e7\u00e3o relativamente a oferta e procura de emprego das duas regi\u00f5es, assessorar os trabalhadores e empres\u00e1rios sobre a legisla\u00e7\u00e3o de ambos os pa\u00edses em mat\u00e9ria [&hellip;]<\/p>\n","protected":false},"author":1,"featured_media":11424,"comment_status":"closed","ping_status":"open","sticky":false,"template":"elementor_header_footer","format":"standard","meta":{"om_disable_all_campaigns":false,"inline_featured_image":false,"_monsterinsights_skip_tracking":false,"_monsterinsights_sitenote_active":false,"_monsterinsights_sitenote_note":"","_monsterinsights_sitenote_category":0,"cybocfi_hide_featured_image":"","footnotes":"","_links_to":"","_links_to_target":""},"categories":[249,250],"tags":[276,277],"aioseo_notices":[],"_links":{"self":[{"href":"https:\/\/www.eures-andalucia-algarve.eu\/pt-pt\/wp-json\/wp\/v2\/posts\/14109"}],"collection":[{"href":"https:\/\/www.eures-andalucia-algarve.eu\/pt-pt\/wp-json\/wp\/v2\/posts"}],"about":[{"href":"https:\/\/www.eures-andalucia-algarve.eu\/pt-pt\/wp-json\/wp\/v2\/types\/post"}],"author":[{"embeddable":true,"href":"https:\/\/www.eures-andalucia-algarve.eu\/pt-pt\/wp-json\/wp\/v2\/users\/1"}],"replies":[{"embeddable":true,"href":"https:\/\/www.eures-andalucia-algarve.eu\/pt-pt\/wp-json\/wp\/v2\/comments?post=14109"}],"version-history":[{"count":1,"href":"https:\/\/www.eures-andalucia-algarve.eu\/pt-pt\/wp-json\/wp\/v2\/posts\/14109\/revisions"}],"predecessor-version":[{"id":14110,"href":"https:\/\/www.eures-andalucia-algarve.eu\/pt-pt\/wp-json\/wp\/v2\/posts\/14109\/revisions\/14110"}],"wp:featuredmedia":[{"embeddable":true,"href":"https:\/\/www.eures-andalucia-algarve.eu\/pt-pt\/wp-json\/wp\/v2\/media\/11424"}],"wp:attachment":[{"href":"https:\/\/www.eures-andalucia-algarve.eu\/pt-pt\/wp-json\/wp\/v2\/media?parent=14109"}],"wp:term":[{"taxonomy":"category","embeddable":true,"href":"https:\/\/www.eures-andalucia-algarve.eu\/pt-pt\/wp-json\/wp\/v2\/categories?post=14109"},{"taxonomy":"post_tag","embeddable":true,"href":"https:\/\/www.eures-andalucia-algarve.eu\/pt-pt\/wp-json\/wp\/v2\/tags?post=14109"}],"curies":[{"name":"wp","href":"https:\/\/api.w.org\/{rel}","templated":true}]}}