{"id":14106,"date":"2018-07-18T10:27:23","date_gmt":"2018-07-18T08:27:23","guid":{"rendered":"https:\/\/www.eures-andalucia-algarve.eu\/publicado-o-novo-guia-da-mobilidade-laboral-europeia\/"},"modified":"2023-11-17T15:05:09","modified_gmt":"2023-11-17T14:05:09","slug":"publicado-o-novo-guia-da-mobilidade-laboral-europeia","status":"publish","type":"post","link":"https:\/\/www.eures-andalucia-algarve.eu\/pt-pt\/publicado-o-novo-guia-da-mobilidade-laboral-europeia\/","title":{"rendered":"Publicado o novo Guia da Mobilidade Laboral Europeia"},"content":{"rendered":"\t\t<div data-elementor-type=\"wp-post\" data-elementor-id=\"14106\" class=\"elementor elementor-14106 elementor-11278\">\n\t\t\t\t<div class=\"elementor-element elementor-element-39b567f0 e-flex e-con-boxed wpr-particle-no wpr-jarallax-no wpr-parallax-no wpr-sticky-section-no e-con e-parent\" data-id=\"39b567f0\" data-element_type=\"container\" data-settings=\"{&quot;content_width&quot;:&quot;boxed&quot;}\" data-core-v316-plus=\"true\">\n\t\t\t\t\t<div class=\"e-con-inner\">\n\t\t\t\t<div class=\"elementor-element elementor-element-aaeca15 elementor-widget elementor-widget-image\" data-id=\"aaeca15\" data-element_type=\"widget\" data-widget_type=\"image.default\">\n\t\t\t\t<div class=\"elementor-widget-container\">\n\t\t\t<style>\/*! elementor - v3.19.0 - 28-02-2024 *\/\n.elementor-widget-image{text-align:center}.elementor-widget-image a{display:inline-block}.elementor-widget-image a img[src$=\".svg\"]{width:48px}.elementor-widget-image img{vertical-align:middle;display:inline-block}<\/style>\t\t\t\t\t\t\t\t\t\t<img decoding=\"async\" src=\"https:\/\/www.eures-andalucia-algarve.eu\/wp-content\/uploads\/2018\/07\/european-citizenshipt-avrupa-vatandasligi-700x336-1.jpg\" title=\"\" alt=\"\" loading=\"lazy\" \/>\t\t\t\t\t\t\t\t\t\t\t\t\t<\/div>\n\t\t\t\t<\/div>\n\t\t\t\t<div class=\"elementor-element elementor-element-9c9da42 elementor-widget elementor-widget-heading\" data-id=\"9c9da42\" data-element_type=\"widget\" data-widget_type=\"heading.default\">\n\t\t\t\t<div class=\"elementor-widget-container\">\n\t\t\t<style>\/*! elementor - v3.19.0 - 28-02-2024 *\/\n.elementor-heading-title{padding:0;margin:0;line-height:1}.elementor-widget-heading .elementor-heading-title[class*=elementor-size-]>a{color:inherit;font-size:inherit;line-height:inherit}.elementor-widget-heading .elementor-heading-title.elementor-size-small{font-size:15px}.elementor-widget-heading .elementor-heading-title.elementor-size-medium{font-size:19px}.elementor-widget-heading .elementor-heading-title.elementor-size-large{font-size:29px}.elementor-widget-heading .elementor-heading-title.elementor-size-xl{font-size:39px}.elementor-widget-heading .elementor-heading-title.elementor-size-xxl{font-size:59px}<\/style><h2 class=\"elementor-heading-title elementor-size-default\">Publicado o novo Guia da Mobilidade Laboral Europeia\n<\/h2>\t\t<\/div>\n\t\t\t\t<\/div>\n\t\t\t\t<div class=\"elementor-element elementor-element-9c572e4 elementor-widget elementor-widget-text-editor\" data-id=\"9c572e4\" data-element_type=\"widget\" data-widget_type=\"text-editor.default\">\n\t\t\t\t<div class=\"elementor-widget-container\">\n\t\t\t<style>\/*! elementor - v3.19.0 - 28-02-2024 *\/\n.elementor-widget-text-editor.elementor-drop-cap-view-stacked .elementor-drop-cap{background-color:#69727d;color:#fff}.elementor-widget-text-editor.elementor-drop-cap-view-framed .elementor-drop-cap{color:#69727d;border:3px solid;background-color:transparent}.elementor-widget-text-editor:not(.elementor-drop-cap-view-default) .elementor-drop-cap{margin-top:8px}.elementor-widget-text-editor:not(.elementor-drop-cap-view-default) .elementor-drop-cap-letter{width:1em;height:1em}.elementor-widget-text-editor .elementor-drop-cap{float:left;text-align:center;line-height:1;font-size:50px}.elementor-widget-text-editor .elementor-drop-cap-letter{display:inline-block}<\/style>\t\t\t\t<p>A liberdade de circula\u00e7\u00e3o das pessoas \u00e9 um dos quatro pilares fundamentais nos quais assenta a Uni\u00e3o Europeia. Para que este direito seja efetivo, os trabalhadores e as suas fam\u00edlias devem ter acesso igualit\u00e1rio \u00e0 prote\u00e7\u00e3o social, subs\u00eddios de desemprego, assist\u00eancia m\u00e9dica, forma\u00e7\u00e3o e reforma, bem como estar cobertos pelas conven\u00e7\u00f5es coletivas locais em tudo o que diz respeito a condi\u00e7\u00f5es de trabalho e sal\u00e1rios.<\/p>\n\t\t\t\t\t\t<\/div>\n\t\t\t\t<\/div>\n\t\t\t\t<div class=\"elementor-element elementor-element-5f3d6f9 elementor-widget elementor-widget-text-editor\" data-id=\"5f3d6f9\" data-element_type=\"widget\" data-widget_type=\"text-editor.default\">\n\t\t\t\t<div class=\"elementor-widget-container\">\n\t\t\t\t\t\t\t<p>Um total de 11,3 milh\u00f5es de pessoas em idade ativa vivem num pa\u00eds da UE diferente do pa\u00eds da sua nacionalidade e existem 1,3 milh\u00f5es de \u201ctrabalhadores fronteiri\u00e7os\u201d que cruzam quase diariamente uma das fronteiras da UE para ir trabalhar; vivem num pa\u00eds, mas trabalham noutro.<\/p>\n\t\t\t\t\t\t<\/div>\n\t\t\t\t<\/div>\n\t\t\t\t<div class=\"elementor-element elementor-element-3761310 elementor-widget elementor-widget-text-editor\" data-id=\"3761310\" data-element_type=\"widget\" data-widget_type=\"text-editor.default\">\n\t\t\t\t<div class=\"elementor-widget-container\">\n\t\t\t\t\t\t\t<p>Para facilitar o fluxo de trabalhadores dentro da UE, a Confedera\u00e7\u00e3o Europeia de sindicatos (ETUC) publicou o novo Guia atualizado da Mobilidade laboral europeia (a \u00faltima vers\u00e3o era de 2011), em ingl\u00eas, franc\u00eas e alem\u00e3o com um cap\u00edtulo espec\u00edfico onde \u00e9 abordada a problem\u00e1tica dos chamados \u201ctrabalhadores transfronteiri\u00e7os\u201d.<\/p>\n\t\t\t\t\t\t<\/div>\n\t\t\t\t<\/div>\n\t\t\t\t<div class=\"elementor-element elementor-element-6c18f6a elementor-widget elementor-widget-text-editor\" data-id=\"6c18f6a\" data-element_type=\"widget\" data-widget_type=\"text-editor.default\">\n\t\t\t\t<div class=\"elementor-widget-container\">\n\t\t\t\t\t\t\t<p>Em breve esperamos dispor das vers\u00f5es em espanhol e portugu\u00eas, por enquanto, podem aceder \u00e0 mesma na seguinte liga\u00e7\u00e3o: <a style=\"color:#01005e\" href=\"https:\/\/www.etuc.org\/en\/publication\/guide-mobile-european-workers-0\">https:\/\/www.etuc.org\/en\/publication\/guide-mobile-european-workers-0<\/a><\/p>\n\t\t\t\t\t\t<\/div>\n\t\t\t\t<\/div>\n\t\t\t\t\t<\/div>\n\t\t\t\t<\/div>\n\t\t\t\t<\/div>\n\t\t","protected":false},"excerpt":{"rendered":"<p>Publicado o novo Guia da Mobilidade Laboral Europeia A liberdade de circula\u00e7\u00e3o das pessoas \u00e9 um dos quatro pilares fundamentais nos quais assenta a Uni\u00e3o Europeia. Para que este direito seja efetivo, os trabalhadores e as suas fam\u00edlias devem ter acesso igualit\u00e1rio \u00e0 prote\u00e7\u00e3o social, subs\u00eddios de desemprego, assist\u00eancia m\u00e9dica, forma\u00e7\u00e3o e reforma, bem como [&hellip;]<\/p>\n","protected":false},"author":1,"featured_media":11422,"comment_status":"closed","ping_status":"open","sticky":false,"template":"elementor_header_footer","format":"standard","meta":{"om_disable_all_campaigns":false,"inline_featured_image":false,"_monsterinsights_skip_tracking":false,"_monsterinsights_sitenote_active":false,"_monsterinsights_sitenote_note":"","_monsterinsights_sitenote_category":0,"cybocfi_hide_featured_image":"","footnotes":"","_links_to":"","_links_to_target":""},"categories":[249,250],"tags":[279,280,278],"aioseo_notices":[],"_links":{"self":[{"href":"https:\/\/www.eures-andalucia-algarve.eu\/pt-pt\/wp-json\/wp\/v2\/posts\/14106"}],"collection":[{"href":"https:\/\/www.eures-andalucia-algarve.eu\/pt-pt\/wp-json\/wp\/v2\/posts"}],"about":[{"href":"https:\/\/www.eures-andalucia-algarve.eu\/pt-pt\/wp-json\/wp\/v2\/types\/post"}],"author":[{"embeddable":true,"href":"https:\/\/www.eures-andalucia-algarve.eu\/pt-pt\/wp-json\/wp\/v2\/users\/1"}],"replies":[{"embeddable":true,"href":"https:\/\/www.eures-andalucia-algarve.eu\/pt-pt\/wp-json\/wp\/v2\/comments?post=14106"}],"version-history":[{"count":1,"href":"https:\/\/www.eures-andalucia-algarve.eu\/pt-pt\/wp-json\/wp\/v2\/posts\/14106\/revisions"}],"predecessor-version":[{"id":14107,"href":"https:\/\/www.eures-andalucia-algarve.eu\/pt-pt\/wp-json\/wp\/v2\/posts\/14106\/revisions\/14107"}],"wp:featuredmedia":[{"embeddable":true,"href":"https:\/\/www.eures-andalucia-algarve.eu\/pt-pt\/wp-json\/wp\/v2\/media\/11422"}],"wp:attachment":[{"href":"https:\/\/www.eures-andalucia-algarve.eu\/pt-pt\/wp-json\/wp\/v2\/media?parent=14106"}],"wp:term":[{"taxonomy":"category","embeddable":true,"href":"https:\/\/www.eures-andalucia-algarve.eu\/pt-pt\/wp-json\/wp\/v2\/categories?post=14106"},{"taxonomy":"post_tag","embeddable":true,"href":"https:\/\/www.eures-andalucia-algarve.eu\/pt-pt\/wp-json\/wp\/v2\/tags?post=14106"}],"curies":[{"name":"wp","href":"https:\/\/api.w.org\/{rel}","templated":true}]}}