{"id":14091,"date":"2018-11-09T14:23:43","date_gmt":"2018-11-09T13:23:43","guid":{"rendered":"https:\/\/www.eures-andalucia-algarve.eu\/os-servicos-do-eures-transfronteirico-andaluzia-algarve-serao-apresentados-no-xvii-forum-de-emprego-organizado-pela-universidade-de-huelva\/"},"modified":"2023-11-17T14:50:12","modified_gmt":"2023-11-17T13:50:12","slug":"os-servicos-do-eures-transfronteirico-andaluzia-algarve-serao-apresentados-no-xvii-forum-de-emprego-organizado-pela-universidade-de-huelva","status":"publish","type":"post","link":"https:\/\/www.eures-andalucia-algarve.eu\/pt-pt\/os-servicos-do-eures-transfronteirico-andaluzia-algarve-serao-apresentados-no-xvii-forum-de-emprego-organizado-pela-universidade-de-huelva\/","title":{"rendered":"Os servi\u00e7os do EURES Transfronteiri\u00e7o Andaluzia-Algarve ser\u00e3o apresentados no XVII F\u00f3rum de emprego organizado pela Universidade de Huelva"},"content":{"rendered":"\t\t<div data-elementor-type=\"wp-post\" data-elementor-id=\"14091\" class=\"elementor elementor-14091 elementor-11272\">\n\t\t\t\t<div class=\"elementor-element elementor-element-0ed71f9 e-flex e-con-boxed wpr-particle-no wpr-jarallax-no wpr-parallax-no wpr-sticky-section-no e-con e-parent\" data-id=\"0ed71f9\" data-element_type=\"container\" data-settings=\"{&quot;content_width&quot;:&quot;boxed&quot;}\" data-core-v316-plus=\"true\">\n\t\t\t\t\t<div class=\"e-con-inner\">\n\t\t\t\t<div class=\"elementor-element elementor-element-5474667 elementor-widget elementor-widget-image\" data-id=\"5474667\" data-element_type=\"widget\" data-widget_type=\"image.default\">\n\t\t\t\t<div class=\"elementor-widget-container\">\n\t\t\t<style>\/*! elementor - v3.19.0 - 28-02-2024 *\/\n.elementor-widget-image{text-align:center}.elementor-widget-image a{display:inline-block}.elementor-widget-image a img[src$=\".svg\"]{width:48px}.elementor-widget-image img{vertical-align:middle;display:inline-block}<\/style>\t\t\t\t\t\t\t\t\t\t<img decoding=\"async\" src=\"https:\/\/www.eures-andalucia-algarve.eu\/wp-content\/uploads\/2018\/11\/foro-empleo-tocada.jpg\" title=\"\" alt=\"\" loading=\"lazy\" \/>\t\t\t\t\t\t\t\t\t\t\t\t\t<\/div>\n\t\t\t\t<\/div>\n\t\t\t\t<div class=\"elementor-element elementor-element-eaa47d8 elementor-widget elementor-widget-heading\" data-id=\"eaa47d8\" data-element_type=\"widget\" data-widget_type=\"heading.default\">\n\t\t\t\t<div class=\"elementor-widget-container\">\n\t\t\t<style>\/*! elementor - v3.19.0 - 28-02-2024 *\/\n.elementor-heading-title{padding:0;margin:0;line-height:1}.elementor-widget-heading .elementor-heading-title[class*=elementor-size-]>a{color:inherit;font-size:inherit;line-height:inherit}.elementor-widget-heading .elementor-heading-title.elementor-size-small{font-size:15px}.elementor-widget-heading .elementor-heading-title.elementor-size-medium{font-size:19px}.elementor-widget-heading .elementor-heading-title.elementor-size-large{font-size:29px}.elementor-widget-heading .elementor-heading-title.elementor-size-xl{font-size:39px}.elementor-widget-heading .elementor-heading-title.elementor-size-xxl{font-size:59px}<\/style><h2 class=\"elementor-heading-title elementor-size-default\">Os servi\u00e7os do EURES Transfronteiri\u00e7o Andaluzia-Algarve ser\u00e3o apresentados no XVII F\u00f3rum de emprego organizado pela Universidade de Huelva\n<\/h2>\t\t<\/div>\n\t\t\t\t<\/div>\n\t\t\t\t<div class=\"elementor-element elementor-element-db79fdf elementor-widget elementor-widget-text-editor\" data-id=\"db79fdf\" data-element_type=\"widget\" data-widget_type=\"text-editor.default\">\n\t\t\t\t<div class=\"elementor-widget-container\">\n\t\t\t<style>\/*! elementor - v3.19.0 - 28-02-2024 *\/\n.elementor-widget-text-editor.elementor-drop-cap-view-stacked .elementor-drop-cap{background-color:#69727d;color:#fff}.elementor-widget-text-editor.elementor-drop-cap-view-framed .elementor-drop-cap{color:#69727d;border:3px solid;background-color:transparent}.elementor-widget-text-editor:not(.elementor-drop-cap-view-default) .elementor-drop-cap{margin-top:8px}.elementor-widget-text-editor:not(.elementor-drop-cap-view-default) .elementor-drop-cap-letter{width:1em;height:1em}.elementor-widget-text-editor .elementor-drop-cap{float:left;text-align:center;line-height:1;font-size:50px}.elementor-widget-text-editor .elementor-drop-cap-letter{display:inline-block}<\/style>\t\t\t\t<p>Os servi\u00e7os especializados do EURES Transfronteiri\u00e7o Andaluzia-Algarve ser\u00e3o apresentados \u00e0 comunidade universit\u00e1ria de Huelva no \u00e2mbito do XVII F\u00f3rum de Emprego que ir\u00e1 ter lugar nos pr\u00f3ximos dias 14 e 15 de novembro, no \u00e2mbito de um conjunto de atividades mais alargado, o M\u00eas do Emprego e o Empreendimento organizado pela Universidade de Huelva.<\/p>\n<p>Desta forma, \u00e0s 13:30 horas de quarta-feira, a conselheira do EURES do Servi\u00e7o Andaluz de Emprego, Sra. M\u00aa Victoria Alfayate Santos, prestar\u00e1 informa\u00e7\u00e3o sobre as caracter\u00edsticas e as possibilidades que oferece o mercado laboral transfronteiri\u00e7o na sua confer\u00eancia designada \u00ab<strong><em>A mobilidade profissional e as redes de coopera\u00e7\u00e3o. A rede Eures e Eures Transfronteiri\u00e7o Andaluzia \u2013 Algarve\u00bb.<\/em><\/strong><\/p>\n<p>Este XVII F\u00f3rum de Emprego tem entre os seus objetivos a an\u00e1lise da situa\u00e7\u00e3o laboral dos jovens a partir de uma perspetiva cr\u00edtica, incentivar atrav\u00e9s de semin\u00e1rios espec\u00edficos a melhoria da sua empregabilidade e, inclusivamente, o contacto direto com as empresas que assistem ao F\u00f3rum de Emprego que mostram como s\u00e3o realizados os seus processos de sele\u00e7\u00e3o de trabalhadores e quais s\u00e3o os perfis mais procurados na atualidade.<\/p>\n<p>Coincidindo com a celebra\u00e7\u00e3o do centen\u00e1rio da cria\u00e7\u00e3o da Organiza\u00e7\u00e3o Internacional do Trabalho (OIT), existe um grande debate aberto a n\u00edvel mundial sobre o <strong>futuro do trabalho<\/strong> num contexto de mudan\u00e7as transcendentais nas rela\u00e7\u00f5es lazer-econ\u00f3micas, pol\u00edticas e geoestrat\u00e9gicas; transforma\u00e7\u00f5es irrevers\u00edveis na tecnologia, com implica\u00e7\u00f5es igualmente nas organiza\u00e7\u00f5es empresariais e na forma de produ\u00e7\u00e3o, sendo este cen\u00e1rio que vai presidir o processo de inser\u00e7\u00e3o dos jovens universit\u00e1rios no mundo do trabalho e profissional. Uma \u201csociedade l\u00edquida\u201d que procura altas doses de adaptabilidade, versatilidade, esp\u00edrito empreendedor, especializa\u00e7\u00e3o e, simultaneamente, transversalidade.<\/p>\n<p>Pode ver o programa completo na seguinte liga\u00e7\u00e3o: <a style=\"color: #01005e;\" href=\"http:\/\/www.uhu.es\/soipea\/foro-empleo\/2018\/\">http:\/\/www.uhu.es\/soipea\/foro-empleo\/2018\/<\/a><\/p>\n\t\t\t\t\t\t<\/div>\n\t\t\t\t<\/div>\n\t\t\t\t\t<\/div>\n\t\t\t\t<\/div>\n\t\t\t\t<\/div>\n\t\t","protected":false},"excerpt":{"rendered":"<p>Os servi\u00e7os do EURES Transfronteiri\u00e7o Andaluzia-Algarve ser\u00e3o apresentados no XVII F\u00f3rum de emprego organizado pela Universidade de Huelva Os servi\u00e7os especializados do EURES Transfronteiri\u00e7o Andaluzia-Algarve ser\u00e3o apresentados \u00e0 comunidade universit\u00e1ria de Huelva no \u00e2mbito do XVII F\u00f3rum de Emprego que ir\u00e1 ter lugar nos pr\u00f3ximos dias 14 e 15 de novembro, no \u00e2mbito de um [&hellip;]<\/p>\n","protected":false},"author":1,"featured_media":11406,"comment_status":"closed","ping_status":"open","sticky":false,"template":"elementor_header_footer","format":"standard","meta":{"om_disable_all_campaigns":false,"inline_featured_image":false,"_monsterinsights_skip_tracking":false,"_monsterinsights_sitenote_active":false,"_monsterinsights_sitenote_note":"","_monsterinsights_sitenote_category":0,"cybocfi_hide_featured_image":"","footnotes":"","_links_to":"","_links_to_target":""},"categories":[249,250],"tags":[260,259,273,272],"aioseo_notices":[],"_links":{"self":[{"href":"https:\/\/www.eures-andalucia-algarve.eu\/pt-pt\/wp-json\/wp\/v2\/posts\/14091"}],"collection":[{"href":"https:\/\/www.eures-andalucia-algarve.eu\/pt-pt\/wp-json\/wp\/v2\/posts"}],"about":[{"href":"https:\/\/www.eures-andalucia-algarve.eu\/pt-pt\/wp-json\/wp\/v2\/types\/post"}],"author":[{"embeddable":true,"href":"https:\/\/www.eures-andalucia-algarve.eu\/pt-pt\/wp-json\/wp\/v2\/users\/1"}],"replies":[{"embeddable":true,"href":"https:\/\/www.eures-andalucia-algarve.eu\/pt-pt\/wp-json\/wp\/v2\/comments?post=14091"}],"version-history":[{"count":3,"href":"https:\/\/www.eures-andalucia-algarve.eu\/pt-pt\/wp-json\/wp\/v2\/posts\/14091\/revisions"}],"predecessor-version":[{"id":14098,"href":"https:\/\/www.eures-andalucia-algarve.eu\/pt-pt\/wp-json\/wp\/v2\/posts\/14091\/revisions\/14098"}],"wp:featuredmedia":[{"embeddable":true,"href":"https:\/\/www.eures-andalucia-algarve.eu\/pt-pt\/wp-json\/wp\/v2\/media\/11406"}],"wp:attachment":[{"href":"https:\/\/www.eures-andalucia-algarve.eu\/pt-pt\/wp-json\/wp\/v2\/media?parent=14091"}],"wp:term":[{"taxonomy":"category","embeddable":true,"href":"https:\/\/www.eures-andalucia-algarve.eu\/pt-pt\/wp-json\/wp\/v2\/categories?post=14091"},{"taxonomy":"post_tag","embeddable":true,"href":"https:\/\/www.eures-andalucia-algarve.eu\/pt-pt\/wp-json\/wp\/v2\/tags?post=14091"}],"curies":[{"name":"wp","href":"https:\/\/api.w.org\/{rel}","templated":true}]}}