{"id":14013,"date":"2019-06-01T10:15:11","date_gmt":"2019-06-01T08:15:11","guid":{"rendered":"https:\/\/www.eures-andalucia-algarve.eu\/no-marco-do-eures-transfronteirico-acral-promoveu-acao-sobre-negocios-entre-o-algarve-e-andaluzia\/"},"modified":"2023-11-17T13:11:37","modified_gmt":"2023-11-17T12:11:37","slug":"no-marco-do-eures-transfronteirico-acral-promoveu-acao-sobre-negocios-entre-o-algarve-e-andaluzia","status":"publish","type":"post","link":"https:\/\/www.eures-andalucia-algarve.eu\/pt-pt\/no-marco-do-eures-transfronteirico-acral-promoveu-acao-sobre-negocios-entre-o-algarve-e-andaluzia\/","title":{"rendered":"No marco do EURES Transfronteiri\u00e7o ACRAL promoveu a\u00e7\u00e3o sobre neg\u00f3cios entre o Algarve e Andaluzia"},"content":{"rendered":"\t\t<div data-elementor-type=\"wp-post\" data-elementor-id=\"14013\" class=\"elementor elementor-14013 elementor-11263\">\n\t\t\t\t<div class=\"elementor-element elementor-element-529cf572 e-flex e-con-boxed wpr-particle-no wpr-jarallax-no wpr-parallax-no wpr-sticky-section-no e-con e-parent\" data-id=\"529cf572\" data-element_type=\"container\" data-settings=\"{&quot;content_width&quot;:&quot;boxed&quot;}\" data-core-v316-plus=\"true\">\n\t\t\t\t\t<div class=\"e-con-inner\">\n\t\t\t\t<div class=\"elementor-element elementor-element-eb9e3eb elementor-widget elementor-widget-image\" data-id=\"eb9e3eb\" data-element_type=\"widget\" data-widget_type=\"image.default\">\n\t\t\t\t<div class=\"elementor-widget-container\">\n\t\t\t<style>\/*! elementor - v3.19.0 - 28-02-2024 *\/\n.elementor-widget-image{text-align:center}.elementor-widget-image a{display:inline-block}.elementor-widget-image a img[src$=\".svg\"]{width:48px}.elementor-widget-image img{vertical-align:middle;display:inline-block}<\/style>\t\t\t\t\t\t\t\t\t\t<img decoding=\"async\" src=\"https:\/\/www.eures-andalucia-algarve.eu\/wp-content\/uploads\/2019\/06\/tavira-0.jpg\" title=\"\" alt=\"\" loading=\"lazy\" \/>\t\t\t\t\t\t\t\t\t\t\t\t\t<\/div>\n\t\t\t\t<\/div>\n\t\t\t\t<div class=\"elementor-element elementor-element-9687ec4 elementor-widget elementor-widget-heading\" data-id=\"9687ec4\" data-element_type=\"widget\" data-widget_type=\"heading.default\">\n\t\t\t\t<div class=\"elementor-widget-container\">\n\t\t\t<style>\/*! elementor - v3.19.0 - 28-02-2024 *\/\n.elementor-heading-title{padding:0;margin:0;line-height:1}.elementor-widget-heading .elementor-heading-title[class*=elementor-size-]>a{color:inherit;font-size:inherit;line-height:inherit}.elementor-widget-heading .elementor-heading-title.elementor-size-small{font-size:15px}.elementor-widget-heading .elementor-heading-title.elementor-size-medium{font-size:19px}.elementor-widget-heading .elementor-heading-title.elementor-size-large{font-size:29px}.elementor-widget-heading .elementor-heading-title.elementor-size-xl{font-size:39px}.elementor-widget-heading .elementor-heading-title.elementor-size-xxl{font-size:59px}<\/style><h2 class=\"elementor-heading-title elementor-size-default\">No marco do EURES Transfronteiri\u00e7o ACRAL promoveu a\u00e7\u00e3o sobre neg\u00f3cios entre o Algarve e Andaluzia<\/h2>\t\t<\/div>\n\t\t\t\t<\/div>\n\t\t\t\t<div class=\"elementor-element elementor-element-128c54e3 elementor-widget elementor-widget-text-editor\" data-id=\"128c54e3\" data-element_type=\"widget\" data-widget_type=\"text-editor.default\">\n\t\t\t\t<div class=\"elementor-widget-container\">\n\t\t\t<style>\/*! elementor - v3.19.0 - 28-02-2024 *\/\n.elementor-widget-text-editor.elementor-drop-cap-view-stacked .elementor-drop-cap{background-color:#69727d;color:#fff}.elementor-widget-text-editor.elementor-drop-cap-view-framed .elementor-drop-cap{color:#69727d;border:3px solid;background-color:transparent}.elementor-widget-text-editor:not(.elementor-drop-cap-view-default) .elementor-drop-cap{margin-top:8px}.elementor-widget-text-editor:not(.elementor-drop-cap-view-default) .elementor-drop-cap-letter{width:1em;height:1em}.elementor-widget-text-editor .elementor-drop-cap{float:left;text-align:center;line-height:1;font-size:50px}.elementor-widget-text-editor .elementor-drop-cap-letter{display:inline-block}<\/style>\t\t\t\t<p>A Associa\u00e7\u00e3o do Com\u00e9rcio e Servi\u00e7os da Regi\u00e3o do Algarve (ACRAL) promoveu, na manh\u00e3 da passada quinta-feira, 30 de maio, a a\u00e7\u00e3o \u00abNeg\u00f3cios Transfronteiri\u00e7os ao Pequeno-almo\u00e7o\u00bb.<\/p>\n<p>A iniciativa, integrada no projeto EURES Transfronteiri\u00e7o Algarve Andaluzia 2019, decorreu no Maria Nova Lounge Hotel, em Tavira.<\/p>\n<p>Ao longo de cerca de tr\u00eas horas procurou-se dar a conhecer aos participantes quais os principais obst\u00e1culos \u00e0 mobilidade de empresas e pessoas, dificuldades sentidas na contrata\u00e7\u00e3o, assim como as barreiras que se colocam a quem quer abrir e desenvolver neg\u00f3cios transfronteiri\u00e7os.<\/p>\n<p>Depois da sess\u00e3o de abertura e boas vindas, a cargo de \u00c1lvaro Viegas, pela ACRAL, e do vereador Jo\u00e3o Pedro Rodrigues, em nome do Munic\u00edpio de Tavira, os presentes foram convidados a preencher um inqu\u00e9rito sobre estas tem\u00e1ticas.<\/p>\n<p>Seguiram-se as interven\u00e7\u00f5es de Carlos Castro Ramos e de Ana Paula Ant\u00f3nio, que se debru\u00e7aram sobre os principais aspetos laborais e fiscais com que as empresas se deparam, respetivamente, em Espanha e em Portugal. Enquanto que Carlos Lopes Vieira falou sobre outras tem\u00e1ticas relacionadas com o empreendedorismo transfronteiri\u00e7o.<\/p>\n<p>Depois de uma sess\u00e3o de perguntas e respostas, a sess\u00e3o foi encerrada por Madalena Feu, delegada regional do Instituto de Emprego e Forma\u00e7\u00e3o Profissional (IEFP), que apresentou alguns dos programas e apoios que aquele organismo coloca \u00e0 disposi\u00e7\u00e3o das empresas, ao n\u00edvel da contrata\u00e7\u00e3o de recursos humanos<\/p>\n\t\t\t\t\t\t<\/div>\n\t\t\t\t<\/div>\n\t\t\t\t<div class=\"elementor-element elementor-element-6caa58c elementor-widget elementor-widget-image\" data-id=\"6caa58c\" data-element_type=\"widget\" data-widget_type=\"image.default\">\n\t\t\t\t<div class=\"elementor-widget-container\">\n\t\t\t\t\t\t\t\t\t\t\t\t\t<img fetchpriority=\"high\" decoding=\"async\" width=\"581\" height=\"436\" src=\"https:\/\/www.eures-andalucia-algarve.eu\/wp-content\/uploads\/2019\/06\/tavira-1.jpg\" class=\"attachment-large size-large wp-image-12316\" alt=\"\" srcset=\"https:\/\/www.eures-andalucia-algarve.eu\/wp-content\/uploads\/2019\/06\/tavira-1.jpg 581w, https:\/\/www.eures-andalucia-algarve.eu\/wp-content\/uploads\/2019\/06\/tavira-1-300x225.jpg 300w\" sizes=\"(max-width: 581px) 100vw, 581px\" \/>\t\t\t\t\t\t\t\t\t\t\t\t\t<\/div>\n\t\t\t\t<\/div>\n\t\t\t\t\t<\/div>\n\t\t\t\t<\/div>\n\t\t\t\t<\/div>\n\t\t","protected":false},"excerpt":{"rendered":"<p>No marco do EURES Transfronteiri\u00e7o ACRAL promoveu a\u00e7\u00e3o sobre neg\u00f3cios entre o Algarve e Andaluzia A Associa\u00e7\u00e3o do Com\u00e9rcio e Servi\u00e7os da Regi\u00e3o do Algarve (ACRAL) promoveu, na manh\u00e3 da passada quinta-feira, 30 de maio, a a\u00e7\u00e3o \u00abNeg\u00f3cios Transfronteiri\u00e7os ao Pequeno-almo\u00e7o\u00bb. A iniciativa, integrada no projeto EURES Transfronteiri\u00e7o Algarve Andaluzia 2019, decorreu no Maria Nova [&hellip;]<\/p>\n","protected":false},"author":1,"featured_media":11386,"comment_status":"closed","ping_status":"open","sticky":false,"template":"elementor_header_footer","format":"standard","meta":{"om_disable_all_campaigns":false,"inline_featured_image":false,"_monsterinsights_skip_tracking":false,"_monsterinsights_sitenote_active":false,"_monsterinsights_sitenote_note":"","_monsterinsights_sitenote_category":0,"cybocfi_hide_featured_image":"","footnotes":"","_links_to":"","_links_to_target":""},"categories":[249,250],"tags":[],"aioseo_notices":[],"_links":{"self":[{"href":"https:\/\/www.eures-andalucia-algarve.eu\/pt-pt\/wp-json\/wp\/v2\/posts\/14013"}],"collection":[{"href":"https:\/\/www.eures-andalucia-algarve.eu\/pt-pt\/wp-json\/wp\/v2\/posts"}],"about":[{"href":"https:\/\/www.eures-andalucia-algarve.eu\/pt-pt\/wp-json\/wp\/v2\/types\/post"}],"author":[{"embeddable":true,"href":"https:\/\/www.eures-andalucia-algarve.eu\/pt-pt\/wp-json\/wp\/v2\/users\/1"}],"replies":[{"embeddable":true,"href":"https:\/\/www.eures-andalucia-algarve.eu\/pt-pt\/wp-json\/wp\/v2\/comments?post=14013"}],"version-history":[{"count":3,"href":"https:\/\/www.eures-andalucia-algarve.eu\/pt-pt\/wp-json\/wp\/v2\/posts\/14013\/revisions"}],"predecessor-version":[{"id":14016,"href":"https:\/\/www.eures-andalucia-algarve.eu\/pt-pt\/wp-json\/wp\/v2\/posts\/14013\/revisions\/14016"}],"wp:featuredmedia":[{"embeddable":true,"href":"https:\/\/www.eures-andalucia-algarve.eu\/pt-pt\/wp-json\/wp\/v2\/media\/11386"}],"wp:attachment":[{"href":"https:\/\/www.eures-andalucia-algarve.eu\/pt-pt\/wp-json\/wp\/v2\/media?parent=14013"}],"wp:term":[{"taxonomy":"category","embeddable":true,"href":"https:\/\/www.eures-andalucia-algarve.eu\/pt-pt\/wp-json\/wp\/v2\/categories?post=14013"},{"taxonomy":"post_tag","embeddable":true,"href":"https:\/\/www.eures-andalucia-algarve.eu\/pt-pt\/wp-json\/wp\/v2\/tags?post=14013"}],"curies":[{"name":"wp","href":"https:\/\/api.w.org\/{rel}","templated":true}]}}