{"id":13999,"date":"2019-07-29T10:45:49","date_gmt":"2019-07-29T08:45:49","guid":{"rendered":"https:\/\/www.eures-andalucia-algarve.eu\/?p=13999"},"modified":"2023-11-17T12:30:41","modified_gmt":"2023-11-17T11:30:41","slug":"lancada-a-nova-medida-de-apoio-ao-regresso-de-emigrantes-a-portugal","status":"publish","type":"post","link":"https:\/\/www.eures-andalucia-algarve.eu\/pt-pt\/lancada-a-nova-medida-de-apoio-ao-regresso-de-emigrantes-a-portugal\/","title":{"rendered":"Lan\u00e7ada a nova medida de Apoio ao Regresso de Emigrantes a Portugal"},"content":{"rendered":"\t\t<div data-elementor-type=\"wp-post\" data-elementor-id=\"13999\" class=\"elementor elementor-13999 elementor-11261\">\n\t\t\t\t<div class=\"elementor-element elementor-element-e45729c e-flex e-con-boxed wpr-particle-no wpr-jarallax-no wpr-parallax-no wpr-sticky-section-no e-con e-parent\" data-id=\"e45729c\" data-element_type=\"container\" data-settings=\"{&quot;content_width&quot;:&quot;boxed&quot;}\" data-core-v316-plus=\"true\">\n\t\t\t\t\t<div class=\"e-con-inner\">\n\t\t\t\t<div class=\"elementor-element elementor-element-0a66f17 elementor-widget elementor-widget-image\" data-id=\"0a66f17\" data-element_type=\"widget\" data-widget_type=\"image.default\">\n\t\t\t\t<div class=\"elementor-widget-container\">\n\t\t\t<style>\/*! elementor - v3.19.0 - 28-02-2024 *\/\n.elementor-widget-image{text-align:center}.elementor-widget-image a{display:inline-block}.elementor-widget-image a img[src$=\".svg\"]{width:48px}.elementor-widget-image img{vertical-align:middle;display:inline-block}<\/style>\t\t\t\t\t\t\t\t\t\t<img decoding=\"async\" src=\"https:\/\/www.eures-andalucia-algarve.eu\/wp-content\/uploads\/2019\/07\/banner-apoio-regresso.jpg\" title=\"\" alt=\"\" loading=\"lazy\" \/>\t\t\t\t\t\t\t\t\t\t\t\t\t<\/div>\n\t\t\t\t<\/div>\n\t\t\t\t<div class=\"elementor-element elementor-element-4b20fe2 elementor-widget elementor-widget-heading\" data-id=\"4b20fe2\" data-element_type=\"widget\" data-widget_type=\"heading.default\">\n\t\t\t\t<div class=\"elementor-widget-container\">\n\t\t\t<style>\/*! elementor - v3.19.0 - 28-02-2024 *\/\n.elementor-heading-title{padding:0;margin:0;line-height:1}.elementor-widget-heading .elementor-heading-title[class*=elementor-size-]>a{color:inherit;font-size:inherit;line-height:inherit}.elementor-widget-heading .elementor-heading-title.elementor-size-small{font-size:15px}.elementor-widget-heading .elementor-heading-title.elementor-size-medium{font-size:19px}.elementor-widget-heading .elementor-heading-title.elementor-size-large{font-size:29px}.elementor-widget-heading .elementor-heading-title.elementor-size-xl{font-size:39px}.elementor-widget-heading .elementor-heading-title.elementor-size-xxl{font-size:59px}<\/style><h2 class=\"elementor-heading-title elementor-size-default\">Lan\u00e7ada a nova medida de Apoio ao Regresso de Emigrantes a Portugal<\/h2>\t\t<\/div>\n\t\t\t\t<\/div>\n\t\t\t\t<div class=\"elementor-element elementor-element-0710fd8 elementor-widget elementor-widget-image\" data-id=\"0710fd8\" data-element_type=\"widget\" data-widget_type=\"image.default\">\n\t\t\t\t<div class=\"elementor-widget-container\">\n\t\t\t\t\t\t\t\t\t\t\t\t\t<img fetchpriority=\"high\" decoding=\"async\" width=\"300\" height=\"300\" src=\"https:\/\/www.eures-andalucia-algarve.eu\/wp-content\/uploads\/2019\/07\/12847_logo_Regressar_RGB_WEB-300x300-1.jpg\" class=\"attachment-full size-full wp-image-14000\" alt=\"\" srcset=\"https:\/\/www.eures-andalucia-algarve.eu\/wp-content\/uploads\/2019\/07\/12847_logo_Regressar_RGB_WEB-300x300-1.jpg 300w, https:\/\/www.eures-andalucia-algarve.eu\/wp-content\/uploads\/2019\/07\/12847_logo_Regressar_RGB_WEB-300x300-1-150x150.jpg 150w\" sizes=\"(max-width: 300px) 100vw, 300px\" \/>\t\t\t\t\t\t\t\t\t\t\t\t\t<\/div>\n\t\t\t\t<\/div>\n\t\t\t\t<div class=\"elementor-element elementor-element-551445e elementor-widget elementor-widget-text-editor\" data-id=\"551445e\" data-element_type=\"widget\" data-widget_type=\"text-editor.default\">\n\t\t\t\t<div class=\"elementor-widget-container\">\n\t\t\t<style>\/*! elementor - v3.19.0 - 28-02-2024 *\/\n.elementor-widget-text-editor.elementor-drop-cap-view-stacked .elementor-drop-cap{background-color:#69727d;color:#fff}.elementor-widget-text-editor.elementor-drop-cap-view-framed .elementor-drop-cap{color:#69727d;border:3px solid;background-color:transparent}.elementor-widget-text-editor:not(.elementor-drop-cap-view-default) .elementor-drop-cap{margin-top:8px}.elementor-widget-text-editor:not(.elementor-drop-cap-view-default) .elementor-drop-cap-letter{width:1em;height:1em}.elementor-widget-text-editor .elementor-drop-cap{float:left;text-align:center;line-height:1;font-size:50px}.elementor-widget-text-editor .elementor-drop-cap-letter{display:inline-block}<\/style>\t\t\t\t<h4 class=\"teaser\">\u00a0O Regulamento da Medida de Apoio ao Regresso de Emigrantes a Portugal j\u00e1 est\u00e1 dispon\u00edvel. Candidaturas abertas a partir de 22 de julho de 2019.<\/h4><div class=\"corpodanoticia\"><p>A Medida Apoio ao Regresso de Emigrantes a Portugal, criada pela <a href=\"https:\/\/dre.pt\/application\/file\/a\/122966596\" target=\"_blank\" rel=\"noopener\">Portaria n.\u00ba 214\/2019, de 5 de julho<\/a>, visa a concess\u00e3o de um apoio financeiro aos emigrantes ou familiares de emigrantes que tenham sa\u00eddo de Portugal at\u00e9 ao final de 2015 e que iniciem atividade laboral por conta de outrem em Portugal continental, mediante a celebra\u00e7\u00e3o de um contrato de trabalho sem termo.<\/p><p>O apoio financeiro \u00e9 majorado em fun\u00e7\u00e3o da dimens\u00e3o do agregado familiar associado a este regresso, estando ainda previstos apoios complementares para comparticipa\u00e7\u00e3o de despesas com a viagem de regresso e transporte de bens para Portugal, bem como de eventuais despesas com reconhecimento de qualifica\u00e7\u00f5es acad\u00e9micas ou profissionais.<\/p><p>O <a href=\"https:\/\/www.iefp.pt\/documents\/10181\/9192203\/Regulamento_Apoio+ao+Regresso+de+Emigrantes+a+Portugal_12-07-2019\/e7d40b82-3dfb-4373-b974-3833445079e4\" target=\"_blank\" rel=\"noopener\">Regulamento Espec\u00edfico<\/a> foi hoje aprovado pelo Conselho Diretivo do IEFP, IP e pode ser consultado neste portal, na p\u00e1gina do <a href=\"https:\/\/www.iefp.pt\/regresso-a-portugal\" target=\"_blank\" rel=\"noopener\">Regresso a Portugal<\/a>.<\/p><p>O per\u00edodo de candidatura decorre entre as 9h00 do dia 22 de julho de 2019 e as 24h00 do dia 1 de mar\u00e7o de 2021, nos termos da <a href=\"https:\/\/www.iefp.pt\/documents\/10181\/9192203\/DLB_74_2019CD\/569d6691-3910-4083-a632-7736f5969c89\" target=\"_blank\" rel=\"noopener\">Delibera\u00e7\u00e3o<\/a> do Conselho Diretivo do IEFP, IP que se encontra dispon\u00edvel para consulta neste Portal.<\/p><p>A candidatura \u00e9 efetuada no<a href=\"https:\/\/iefponline.iefp.pt\/IEFP\/\" target=\"_blank\" rel=\"noopener\"> portal do iefponline<\/a>, na \u00e1rea de gest\u00e3o do candidato, devendo ser efetuado o registo pr\u00e9vio no referido portal, caso ainda n\u00e3o esteja registado.<\/p><p>Antes de se candidatar, consulte o regulamento e verifique as condi\u00e7\u00f5es de acesso a esta medida, aconselhando-se\u00a0 igualmente a leitura das <a href=\"https:\/\/www.iefp.pt\/documents\/10181\/9192203\/FAQ_Apoio+ao+Regresso+a+Portugal_08-07-2019\/531693be-f9e2-46dc-8e1f-afe5a1427556\" target=\"_blank\" rel=\"noopener\">FAQ<\/a> disponibilizadas neste portal na p\u00e1gina do <a href=\"https:\/\/www.iefp.pt\/regresso-a-portugal\" target=\"_blank\" rel=\"noopener\">Regresso a Portugal<\/a>.<\/p><p>Para mais informa\u00e7\u00f5es e esclarecimento contacte: 300 010 001 (dias \u00fateis das 8h00 \u00e0s 20h00) ou utilize o email: <a href=\"mailto:regressoaportugal@iefp.pt\">regressoaportugal@iefp.pt<\/a>.<\/p><\/div>\t\t\t\t\t\t<\/div>\n\t\t\t\t<\/div>\n\t\t\t\t\t<\/div>\n\t\t\t\t<\/div>\n\t\t\t\t<\/div>\n\t\t","protected":false},"excerpt":{"rendered":"<p>Lan\u00e7ada a nova medida de Apoio ao Regresso de Emigrantes a Portugal \u00a0O Regulamento da Medida de Apoio ao Regresso de Emigrantes a Portugal j\u00e1 est\u00e1 dispon\u00edvel. Candidaturas abertas a partir de 22 de julho de 2019.A Medida Apoio ao Regresso de Emigrantes a Portugal, criada pela Portaria n.\u00ba 214\/2019, de 5 de julho, visa [&hellip;]<\/p>\n","protected":false},"author":1,"featured_media":11382,"comment_status":"closed","ping_status":"open","sticky":false,"template":"elementor_header_footer","format":"standard","meta":{"om_disable_all_campaigns":false,"inline_featured_image":false,"_monsterinsights_skip_tracking":false,"_monsterinsights_sitenote_active":false,"_monsterinsights_sitenote_note":"","_monsterinsights_sitenote_category":0,"cybocfi_hide_featured_image":"","footnotes":"","_links_to":"","_links_to_target":""},"categories":[249,250],"tags":[],"aioseo_notices":[],"_links":{"self":[{"href":"https:\/\/www.eures-andalucia-algarve.eu\/pt-pt\/wp-json\/wp\/v2\/posts\/13999"}],"collection":[{"href":"https:\/\/www.eures-andalucia-algarve.eu\/pt-pt\/wp-json\/wp\/v2\/posts"}],"about":[{"href":"https:\/\/www.eures-andalucia-algarve.eu\/pt-pt\/wp-json\/wp\/v2\/types\/post"}],"author":[{"embeddable":true,"href":"https:\/\/www.eures-andalucia-algarve.eu\/pt-pt\/wp-json\/wp\/v2\/users\/1"}],"replies":[{"embeddable":true,"href":"https:\/\/www.eures-andalucia-algarve.eu\/pt-pt\/wp-json\/wp\/v2\/comments?post=13999"}],"version-history":[{"count":4,"href":"https:\/\/www.eures-andalucia-algarve.eu\/pt-pt\/wp-json\/wp\/v2\/posts\/13999\/revisions"}],"predecessor-version":[{"id":14005,"href":"https:\/\/www.eures-andalucia-algarve.eu\/pt-pt\/wp-json\/wp\/v2\/posts\/13999\/revisions\/14005"}],"wp:featuredmedia":[{"embeddable":true,"href":"https:\/\/www.eures-andalucia-algarve.eu\/pt-pt\/wp-json\/wp\/v2\/media\/11382"}],"wp:attachment":[{"href":"https:\/\/www.eures-andalucia-algarve.eu\/pt-pt\/wp-json\/wp\/v2\/media?parent=13999"}],"wp:term":[{"taxonomy":"category","embeddable":true,"href":"https:\/\/www.eures-andalucia-algarve.eu\/pt-pt\/wp-json\/wp\/v2\/categories?post=13999"},{"taxonomy":"post_tag","embeddable":true,"href":"https:\/\/www.eures-andalucia-algarve.eu\/pt-pt\/wp-json\/wp\/v2\/tags?post=13999"}],"curies":[{"name":"wp","href":"https:\/\/api.w.org\/{rel}","templated":true}]}}