{"id":13769,"date":"2023-05-23T13:56:45","date_gmt":"2023-05-23T11:56:45","guid":{"rendered":"https:\/\/www.eures-andalucia-algarve.eu\/primeiro-webinar-da-eurest-aa-sobre-a-mobilidade-transfronteirica-de-trabalhadores-de-paises-terceiros\/"},"modified":"2023-11-16T14:04:25","modified_gmt":"2023-11-16T13:04:25","slug":"primeiro-webinar-da-eurest-aa-sobre-a-mobilidade-transfronteirica-de-trabalhadores-de-paises-terceiros","status":"publish","type":"post","link":"https:\/\/www.eures-andalucia-algarve.eu\/pt-pt\/primeiro-webinar-da-eurest-aa-sobre-a-mobilidade-transfronteirica-de-trabalhadores-de-paises-terceiros\/","title":{"rendered":"Primeiro webinar da EUREST AA sobre a mobilidade transfronteiri\u00e7a de trabalhadores de pa\u00edses terceiros"},"content":{"rendered":"\t\t<div data-elementor-type=\"wp-post\" data-elementor-id=\"13769\" class=\"elementor elementor-13769 elementor-10857\">\n\t\t\t\t\t\t<section class=\"elementor-section elementor-top-section elementor-element elementor-element-11315bf elementor-section-boxed elementor-section-height-default elementor-section-height-default wpr-particle-no wpr-jarallax-no wpr-parallax-no wpr-sticky-section-no\" data-id=\"11315bf\" data-element_type=\"section\">\n\t\t\t\t\t\t<div class=\"elementor-container elementor-column-gap-default\">\n\t\t\t\t\t<div class=\"elementor-column elementor-col-100 elementor-top-column elementor-element elementor-element-a81c659\" data-id=\"a81c659\" data-element_type=\"column\">\n\t\t\t<div class=\"elementor-widget-wrap elementor-element-populated\">\n\t\t\t\t\t\t<div class=\"elementor-element elementor-element-f594376 elementor-widget-divider--view-line elementor-widget elementor-widget-divider\" data-id=\"f594376\" data-element_type=\"widget\" data-widget_type=\"divider.default\">\n\t\t\t\t<div class=\"elementor-widget-container\">\n\t\t\t<style>\/*! elementor - v3.19.0 - 28-02-2024 *\/\n.elementor-widget-divider{--divider-border-style:none;--divider-border-width:1px;--divider-color:#0c0d0e;--divider-icon-size:20px;--divider-element-spacing:10px;--divider-pattern-height:24px;--divider-pattern-size:20px;--divider-pattern-url:none;--divider-pattern-repeat:repeat-x}.elementor-widget-divider .elementor-divider{display:flex}.elementor-widget-divider .elementor-divider__text{font-size:15px;line-height:1;max-width:95%}.elementor-widget-divider .elementor-divider__element{margin:0 var(--divider-element-spacing);flex-shrink:0}.elementor-widget-divider .elementor-icon{font-size:var(--divider-icon-size)}.elementor-widget-divider .elementor-divider-separator{display:flex;margin:0;direction:ltr}.elementor-widget-divider--view-line_icon .elementor-divider-separator,.elementor-widget-divider--view-line_text .elementor-divider-separator{align-items:center}.elementor-widget-divider--view-line_icon .elementor-divider-separator:after,.elementor-widget-divider--view-line_icon .elementor-divider-separator:before,.elementor-widget-divider--view-line_text .elementor-divider-separator:after,.elementor-widget-divider--view-line_text .elementor-divider-separator:before{display:block;content:\"\";border-block-end:0;flex-grow:1;border-block-start:var(--divider-border-width) var(--divider-border-style) var(--divider-color)}.elementor-widget-divider--element-align-left .elementor-divider .elementor-divider-separator>.elementor-divider__svg:first-of-type{flex-grow:0;flex-shrink:100}.elementor-widget-divider--element-align-left .elementor-divider-separator:before{content:none}.elementor-widget-divider--element-align-left .elementor-divider__element{margin-left:0}.elementor-widget-divider--element-align-right .elementor-divider .elementor-divider-separator>.elementor-divider__svg:last-of-type{flex-grow:0;flex-shrink:100}.elementor-widget-divider--element-align-right .elementor-divider-separator:after{content:none}.elementor-widget-divider--element-align-right .elementor-divider__element{margin-right:0}.elementor-widget-divider--element-align-start .elementor-divider .elementor-divider-separator>.elementor-divider__svg:first-of-type{flex-grow:0;flex-shrink:100}.elementor-widget-divider--element-align-start .elementor-divider-separator:before{content:none}.elementor-widget-divider--element-align-start .elementor-divider__element{margin-inline-start:0}.elementor-widget-divider--element-align-end .elementor-divider .elementor-divider-separator>.elementor-divider__svg:last-of-type{flex-grow:0;flex-shrink:100}.elementor-widget-divider--element-align-end .elementor-divider-separator:after{content:none}.elementor-widget-divider--element-align-end .elementor-divider__element{margin-inline-end:0}.elementor-widget-divider:not(.elementor-widget-divider--view-line_text):not(.elementor-widget-divider--view-line_icon) .elementor-divider-separator{border-block-start:var(--divider-border-width) var(--divider-border-style) var(--divider-color)}.elementor-widget-divider--separator-type-pattern{--divider-border-style:none}.elementor-widget-divider--separator-type-pattern.elementor-widget-divider--view-line .elementor-divider-separator,.elementor-widget-divider--separator-type-pattern:not(.elementor-widget-divider--view-line) .elementor-divider-separator:after,.elementor-widget-divider--separator-type-pattern:not(.elementor-widget-divider--view-line) .elementor-divider-separator:before,.elementor-widget-divider--separator-type-pattern:not([class*=elementor-widget-divider--view]) .elementor-divider-separator{width:100%;min-height:var(--divider-pattern-height);-webkit-mask-size:var(--divider-pattern-size) 100%;mask-size:var(--divider-pattern-size) 100%;-webkit-mask-repeat:var(--divider-pattern-repeat);mask-repeat:var(--divider-pattern-repeat);background-color:var(--divider-color);-webkit-mask-image:var(--divider-pattern-url);mask-image:var(--divider-pattern-url)}.elementor-widget-divider--no-spacing{--divider-pattern-size:auto}.elementor-widget-divider--bg-round{--divider-pattern-repeat:round}.rtl .elementor-widget-divider .elementor-divider__text{direction:rtl}.e-con-inner>.elementor-widget-divider,.e-con>.elementor-widget-divider{width:var(--container-widget-width,100%);--flex-grow:var(--container-widget-flex-grow)}<\/style>\t\t<div class=\"elementor-divider\">\n\t\t\t<span class=\"elementor-divider-separator\">\n\t\t\t\t\t\t<\/span>\n\t\t<\/div>\n\t\t\t\t<\/div>\n\t\t\t\t<\/div>\n\t\t\t\t<div class=\"elementor-element elementor-element-99ae581 elementor-widget elementor-widget-image\" data-id=\"99ae581\" data-element_type=\"widget\" data-widget_type=\"image.default\">\n\t\t\t\t<div class=\"elementor-widget-container\">\n\t\t\t<style>\/*! elementor - v3.19.0 - 28-02-2024 *\/\n.elementor-widget-image{text-align:center}.elementor-widget-image a{display:inline-block}.elementor-widget-image a img[src$=\".svg\"]{width:48px}.elementor-widget-image img{vertical-align:middle;display:inline-block}<\/style>\t\t\t\t\t\t\t\t\t\t<img fetchpriority=\"high\" decoding=\"async\" width=\"1247\" height=\"624\" src=\"https:\/\/www.eures-andalucia-algarve.eu\/wp-content\/uploads\/2023\/11\/nuevo-banner-webinar-migrow-logo-SAE.jpg\" class=\"attachment-full size-full wp-image-10858\" alt=\"\" srcset=\"https:\/\/www.eures-andalucia-algarve.eu\/wp-content\/uploads\/2023\/11\/nuevo-banner-webinar-migrow-logo-SAE.jpg 1247w, https:\/\/www.eures-andalucia-algarve.eu\/wp-content\/uploads\/2023\/11\/nuevo-banner-webinar-migrow-logo-SAE-300x150.jpg 300w, https:\/\/www.eures-andalucia-algarve.eu\/wp-content\/uploads\/2023\/11\/nuevo-banner-webinar-migrow-logo-SAE-1024x512.jpg 1024w, https:\/\/www.eures-andalucia-algarve.eu\/wp-content\/uploads\/2023\/11\/nuevo-banner-webinar-migrow-logo-SAE-768x384.jpg 768w\" sizes=\"(max-width: 1247px) 100vw, 1247px\" \/>\t\t\t\t\t\t\t\t\t\t\t\t\t<\/div>\n\t\t\t\t<\/div>\n\t\t\t\t\t<\/div>\n\t\t<\/div>\n\t\t\t\t\t<\/div>\n\t\t<\/section>\n\t\t\t\t<section class=\"elementor-section elementor-top-section elementor-element elementor-element-217a141e elementor-section-boxed elementor-section-height-default elementor-section-height-default wpr-particle-no wpr-jarallax-no wpr-parallax-no wpr-sticky-section-no\" data-id=\"217a141e\" data-element_type=\"section\">\n\t\t\t\t\t\t<div class=\"elementor-container elementor-column-gap-default\">\n\t\t\t\t\t<div class=\"elementor-column elementor-col-100 elementor-top-column elementor-element elementor-element-1feaf9e5\" data-id=\"1feaf9e5\" data-element_type=\"column\">\n\t\t\t<div class=\"elementor-widget-wrap elementor-element-populated\">\n\t\t\t\t\t\t<div class=\"elementor-element elementor-element-3633691 elementor-widget elementor-widget-heading\" data-id=\"3633691\" data-element_type=\"widget\" data-widget_type=\"heading.default\">\n\t\t\t\t<div class=\"elementor-widget-container\">\n\t\t\t<style>\/*! elementor - v3.19.0 - 28-02-2024 *\/\n.elementor-heading-title{padding:0;margin:0;line-height:1}.elementor-widget-heading .elementor-heading-title[class*=elementor-size-]>a{color:inherit;font-size:inherit;line-height:inherit}.elementor-widget-heading .elementor-heading-title.elementor-size-small{font-size:15px}.elementor-widget-heading .elementor-heading-title.elementor-size-medium{font-size:19px}.elementor-widget-heading .elementor-heading-title.elementor-size-large{font-size:29px}.elementor-widget-heading .elementor-heading-title.elementor-size-xl{font-size:39px}.elementor-widget-heading .elementor-heading-title.elementor-size-xxl{font-size:59px}<\/style><h2 class=\"elementor-heading-title elementor-size-default\">Primeiro webinar da EUREST AA sobre a mobilidade transfronteiri\u00e7a de trabalhadores de pa\u00edses terceiros<\/h2>\t\t<\/div>\n\t\t\t\t<\/div>\n\t\t\t\t\t<\/div>\n\t\t<\/div>\n\t\t\t\t\t<\/div>\n\t\t<\/section>\n\t\t\t\t<section class=\"elementor-section elementor-top-section elementor-element elementor-element-cd9769b elementor-section-boxed elementor-section-height-default elementor-section-height-default wpr-particle-no wpr-jarallax-no wpr-parallax-no wpr-sticky-section-no\" data-id=\"cd9769b\" data-element_type=\"section\">\n\t\t\t\t\t\t<div class=\"elementor-container elementor-column-gap-default\">\n\t\t\t\t\t<div class=\"elementor-column elementor-col-100 elementor-top-column elementor-element elementor-element-df3efbd\" data-id=\"df3efbd\" data-element_type=\"column\">\n\t\t\t<div class=\"elementor-widget-wrap elementor-element-populated\">\n\t\t\t\t\t\t<div class=\"elementor-element elementor-element-eac94ab elementor-widget elementor-widget-text-editor\" data-id=\"eac94ab\" data-element_type=\"widget\" data-widget_type=\"text-editor.default\">\n\t\t\t\t<div class=\"elementor-widget-container\">\n\t\t\t<style>\/*! elementor - v3.19.0 - 28-02-2024 *\/\n.elementor-widget-text-editor.elementor-drop-cap-view-stacked .elementor-drop-cap{background-color:#69727d;color:#fff}.elementor-widget-text-editor.elementor-drop-cap-view-framed .elementor-drop-cap{color:#69727d;border:3px solid;background-color:transparent}.elementor-widget-text-editor:not(.elementor-drop-cap-view-default) .elementor-drop-cap{margin-top:8px}.elementor-widget-text-editor:not(.elementor-drop-cap-view-default) .elementor-drop-cap-letter{width:1em;height:1em}.elementor-widget-text-editor .elementor-drop-cap{float:left;text-align:center;line-height:1;font-size:50px}.elementor-widget-text-editor .elementor-drop-cap-letter{display:inline-block}<\/style>\t\t\t\t<p>O EURES transfronteiri\u00e7o Andaluzia-Algarve, no \u00e2mbito do seu programa de atividades 2022-24, est\u00e1 a realizar uma s\u00e9rie de webinars especializados para analisar as particularidades e os obst\u00e1culos \u00e0 mobilidade laboral transfronteiri\u00e7a dos trabalhadores de pa\u00edses terceiros residentes nestas duas regi\u00f5es de fronteira de Portugal e Espanha.<\/p>\n\t\t\t\t\t\t<\/div>\n\t\t\t\t<\/div>\n\t\t\t\t<div class=\"elementor-element elementor-element-42ed942 elementor-widget elementor-widget-text-editor\" data-id=\"42ed942\" data-element_type=\"widget\" data-widget_type=\"text-editor.default\">\n\t\t\t\t<div class=\"elementor-widget-container\">\n\t\t\t\t\t\t\t<p>O primeiro destes webinars, que ter\u00e1 lugar no dia 21 de Junho de 2023 entre as 10:00 e as 12:30 horas (espanholas), abordar\u00e1 a tem\u00e1tica do trabalho em Espanha de ciudad\u00e3os oriundos de terceiros pa\u00edses residentes em Portugal e o segundo webinar, a realizar-se em meados de outubro, abordar\u00e1 a situa\u00e7\u00e3o inversa, o trabalho em Portugal de trabalhadores n\u00e3o comunit\u00e1rios residentes em Espanha.<\/p>\n\t\t\t\t\t\t<\/div>\n\t\t\t\t<\/div>\n\t\t\t\t<div class=\"elementor-element elementor-element-bd3c334 elementor-widget elementor-widget-text-editor\" data-id=\"bd3c334\" data-element_type=\"widget\" data-widget_type=\"text-editor.default\">\n\t\t\t\t<div class=\"elementor-widget-container\">\n\t\t\t\t\t\t\t<p>Esta s\u00e9rie de webinars destina-se especialmente a desempregados e empregadores que contratam ciudad\u00e3os n\u00e3ao comunit\u00e1rios, trabalhadores em teletrabalho, profissionais de gest\u00e3o do trabalho, t\u00e9cnicos de emprego especializados em mobilidade no estrangeiro, empresas de recursos humanos e outros profissionais desta \u00e1rea e p\u00fablico em geral.<\/p>\n\t\t\t\t\t\t<\/div>\n\t\t\t\t<\/div>\n\t\t\t\t<div class=\"elementor-element elementor-element-f592d9c elementor-widget elementor-widget-text-editor\" data-id=\"f592d9c\" data-element_type=\"widget\" data-widget_type=\"text-editor.default\">\n\t\t\t\t<div class=\"elementor-widget-container\">\n\t\t\t\t\t\t\t<p>A inscri\u00e7\u00e3o \u00e9 gratuita, mas a pr\u00e9-inscri\u00e7\u00e3o \u00e9 obrigat\u00f3ria at\u00e9 18 de Junho de 2023.<\/p>\n\t\t\t\t\t\t<\/div>\n\t\t\t\t<\/div>\n\t\t\t\t<div class=\"elementor-element elementor-element-b706cc4 elementor-align-center elementor-widget elementor-widget-button\" data-id=\"b706cc4\" data-element_type=\"widget\" data-widget_type=\"button.default\">\n\t\t\t\t<div class=\"elementor-widget-container\">\n\t\t\t\t\t<div class=\"elementor-button-wrapper\">\n\t\t\t<a class=\"elementor-button elementor-button-link elementor-size-sm\" href=\"https:\/\/docs.google.com\/forms\/d\/e\/1FAIpQLSebBzUU3ZetXHI-QtHc40qM3nVxz_jnKHULZ8-dngMB2lGjrg\/viewform\">\n\t\t\t\t\t\t<span class=\"elementor-button-content-wrapper\">\n\t\t\t\t\t\t<span class=\"elementor-button-text\">INSCRI\u00e7\u00c3O<\/span>\n\t\t<\/span>\n\t\t\t\t\t<\/a>\n\t\t<\/div>\n\t\t\t\t<\/div>\n\t\t\t\t<\/div>\n\t\t\t\t<div class=\"elementor-element elementor-element-854d901 elementor-widget elementor-widget-text-editor\" data-id=\"854d901\" data-element_type=\"widget\" data-widget_type=\"text-editor.default\">\n\t\t\t\t<div class=\"elementor-widget-container\">\n\t\t\t\t\t\t\t<p style=\"text-align: center;\">Com a confirma\u00e7\u00e3o da inscri\u00e7\u00e3o, receber\u00e1 uma liga\u00e7\u00e3o para aceder \u00e0 plataforma de videoconfer\u00eancia.<\/p>\n\t\t\t\t\t\t<\/div>\n\t\t\t\t<\/div>\n\t\t\t\t<div class=\"elementor-element elementor-element-7433a80 elementor-widget elementor-widget-heading\" data-id=\"7433a80\" data-element_type=\"widget\" data-widget_type=\"heading.default\">\n\t\t\t\t<div class=\"elementor-widget-container\">\n\t\t\t<h4 class=\"elementor-heading-title elementor-size-default\">CICLO: MOBILIDADE TRANSFRONTEIRI\u00c7A DE TRABALHADORES EXTRACOMUNIT\u00c1RIOS (ESPANHA \u2013 PORTUGAL)<\/h4>\t\t<\/div>\n\t\t\t\t<\/div>\n\t\t\t\t<div class=\"elementor-element elementor-element-65f0bfc elementor-widget elementor-widget-heading\" data-id=\"65f0bfc\" data-element_type=\"widget\" data-widget_type=\"heading.default\">\n\t\t\t\t<div class=\"elementor-widget-container\">\n\t\t\t<h5 class=\"elementor-heading-title elementor-size-default\">1\u00ba Webinar: TRABALHAR EM ESPANHA PARA PESSOAS DE FORA DA UNIAO EUROPEIA QUE RESIDAM EM PORTUGAL<\/h5>\t\t<\/div>\n\t\t\t\t<\/div>\n\t\t\t\t<div class=\"elementor-element elementor-element-149dffb elementor-widget elementor-widget-text-editor\" data-id=\"149dffb\" data-element_type=\"widget\" data-widget_type=\"text-editor.default\">\n\t\t\t\t<div class=\"elementor-widget-container\">\n\t\t\t\t\t\t\t<p><strong>OBJETIVO<\/strong><\/p>\n\t\t\t\t\t\t<\/div>\n\t\t\t\t<\/div>\n\t\t\t\t<div class=\"elementor-element elementor-element-1370621 elementor-widget elementor-widget-text-editor\" data-id=\"1370621\" data-element_type=\"widget\" data-widget_type=\"text-editor.default\">\n\t\t\t\t<div class=\"elementor-widget-container\">\n\t\t\t\t\t\t\t<p>A livre circula\u00e7\u00e3o de pessoas \u00e9 um dos pilares da Uni\u00e3o Europeia e um elemento fundamental nas fronteiras internas. No entanto, tal aplica-se aos cidad\u00e3os da UE, uma vez que os cidad\u00e3os com nacionalidade de pa\u00edses terceiros deparam-se com in\u00fameros obst\u00e1culos. O objetivo desta atividade \u00e9 identificar esses obst\u00e1culos e encontrar alternativas que facilitem de mobilidade transfronteiri\u00e7a. Este primeiro Webinar analisar\u00e1 a mobilidade laboral dos cidad\u00e3os n\u00e3o comunit\u00e1rios residentes em Portugal que pretendam realizar o seu trabalho ou atividades empresariais em Espanha.<\/p>\n\t\t\t\t\t\t<\/div>\n\t\t\t\t<\/div>\n\t\t\t\t<div class=\"elementor-element elementor-element-95cfd9e elementor-widget elementor-widget-text-editor\" data-id=\"95cfd9e\" data-element_type=\"widget\" data-widget_type=\"text-editor.default\">\n\t\t\t\t<div class=\"elementor-widget-container\">\n\t\t\t\t\t\t\t<p><strong>PROGRAMA<\/strong><\/p>\n\t\t\t\t\t\t<\/div>\n\t\t\t\t<\/div>\n\t\t\t\t<div class=\"elementor-element elementor-element-ffb173e elementor-widget elementor-widget-heading\" data-id=\"ffb173e\" data-element_type=\"widget\" data-widget_type=\"heading.default\">\n\t\t\t\t<div class=\"elementor-widget-container\">\n\t\t\t<h5 class=\"elementor-heading-title elementor-size-default\">PRIMEIRA PARTE (1 hora)<\/h5>\t\t<\/div>\n\t\t\t\t<\/div>\n\t\t\t\t<div class=\"elementor-element elementor-element-02378a7 elementor-widget elementor-widget-text-editor\" data-id=\"02378a7\" data-element_type=\"widget\" data-widget_type=\"text-editor.default\">\n\t\t\t\t<div class=\"elementor-widget-container\">\n\t\t\t\t\t\t\t<ol>\n<li class=\"western\" lang=\"es-ES-u-co-trad\">O enquadramento legal da resid\u00eancia de estrangeiros: Regime geral e regime europeu.<\/li>\n<li class=\"western\" lang=\"es-ES-u-co-trad\">Limita\u00e7\u00f5es \u00e0 mobilidade laboral. O sistema nacional de emprego.<\/li>\n<li class=\"western\" lang=\"es-ES-u-co-trad\">Tipos de resid\u00eancia, vistos de trabalho e situa\u00e7\u00f5es espec\u00edficas: trabalhadores transfronteiri\u00e7os, residentes de longa dura\u00e7\u00e3o, profissionais altamente qualificados, trabalhadores em teletrabalho, familiares de cidad\u00e3os da UE e\/ou espanh\u00f3is ou de estrangeiros residentes em Espanha, estudantes e investigadores e estagi\u00e1rios.<\/li>\n<li class=\"western\" lang=\"es-ES-u-co-trad\">Tratamento espec\u00edfico dos trabalhadores independentes<\/li>\n<li class=\"western\" lang=\"es-ES-u-co-trad\">A perspetiva empresarial da mobilidade laboral: liberdade de estabelecimento e direito \u00e0 livre presta\u00e7\u00e3o de servi\u00e7os.<\/li>\n<li class=\"western\" lang=\"es-ES-u-co-trad\">O destacamento de trabalhadores no \u00e2mbito da presta\u00e7\u00e3o transnacional de servi\u00e7os. An\u00e1lise das diferentes situa\u00e7\u00f5es: Empresas localizadas em Portugal; empresas com filiais, sucursais e grupos de empresas em Espanha e Portugal; empresas localizadas noutros pa\u00edses da UE; empresas localizadas em pa\u00edses terceiros da UE.<\/li>\n<li class=\"western\" lang=\"es-ES-u-co-trad\">Empresas de Trabalho Tempor\u00e1rio \u2013 ETT<\/li>\n<li class=\"western\" lang=\"es-ES-u-co-trad\">Empresas de transporte ou empresas com servi\u00e7os de transporte<\/li>\n<li class=\"western\" lang=\"es-ES-u-co-trad\">O trabalhador independente transnacional e transfronteiri\u00e7o.<\/li>\n<li class=\"western\" lang=\"es-ES-u-co-trad\">O trabalhador em teletrabalho internacional e transfronteiri\u00e7o.<\/li>\n<\/ol>\n\t\t\t\t\t\t<\/div>\n\t\t\t\t<\/div>\n\t\t\t\t<div class=\"elementor-element elementor-element-5ade8a8 elementor-widget elementor-widget-heading\" data-id=\"5ade8a8\" data-element_type=\"widget\" data-widget_type=\"heading.default\">\n\t\t\t\t<div class=\"elementor-widget-container\">\n\t\t\t<h5 class=\"elementor-heading-title elementor-size-default\">SEGUNDA PARTE (30 minutos)<\/h5>\t\t<\/div>\n\t\t\t\t<\/div>\n\t\t\t\t<div class=\"elementor-element elementor-element-009b815 elementor-widget elementor-widget-text-editor\" data-id=\"009b815\" data-element_type=\"widget\" data-widget_type=\"text-editor.default\">\n\t\t\t\t<div class=\"elementor-widget-container\">\n\t\t\t\t\t\t\t<p><span style=\"font-size:19px\"><strong>ESTUDOS DE CASO:<\/strong><\/span> Experi\u00eancias transfronteiri\u00e7as reais contadas por v\u00e1rios empregadores\/trabalhadores independentes (a determinar).<\/p>\n\t\t\t\t\t\t<\/div>\n\t\t\t\t<\/div>\n\t\t\t\t<div class=\"elementor-element elementor-element-26ebb3b elementor-widget elementor-widget-heading\" data-id=\"26ebb3b\" data-element_type=\"widget\" data-widget_type=\"heading.default\">\n\t\t\t\t<div class=\"elementor-widget-container\">\n\t\t\t<h5 class=\"elementor-heading-title elementor-size-default\">TERCEIRA PARTE (30 minutos)<\/h5>\t\t<\/div>\n\t\t\t\t<\/div>\n\t\t\t\t<div class=\"elementor-element elementor-element-1084ad3 elementor-widget elementor-widget-text-editor\" data-id=\"1084ad3\" data-element_type=\"widget\" data-widget_type=\"text-editor.default\">\n\t\t\t\t<div class=\"elementor-widget-container\">\n\t\t\t\t\t\t\t<p>Perguntas e interven\u00e7\u00f5es da audi\u00eancia.<\/p>\n\t\t\t\t\t\t<\/div>\n\t\t\t\t<\/div>\n\t\t\t\t<div class=\"elementor-element elementor-element-6f56b35 elementor-widget-divider--view-line elementor-widget elementor-widget-divider\" data-id=\"6f56b35\" data-element_type=\"widget\" data-widget_type=\"divider.default\">\n\t\t\t\t<div class=\"elementor-widget-container\">\n\t\t\t\t\t<div class=\"elementor-divider\">\n\t\t\t<span class=\"elementor-divider-separator\">\n\t\t\t\t\t\t<\/span>\n\t\t<\/div>\n\t\t\t\t<\/div>\n\t\t\t\t<\/div>\n\t\t\t\t<div class=\"elementor-element elementor-element-06175cd elementor-widget elementor-widget-heading\" data-id=\"06175cd\" data-element_type=\"widget\" data-widget_type=\"heading.default\">\n\t\t\t\t<div class=\"elementor-widget-container\">\n\t\t\t<h5 class=\"elementor-heading-title elementor-size-default\">MANUEL FELIPE GARO\u00d1A TORESANO. Advogado especializado em Direito da Imigra\u00e7\u00e3o<\/h5>\t\t<\/div>\n\t\t\t\t<\/div>\n\t\t\t\t<div class=\"elementor-element elementor-element-6da58ed elementor-widget elementor-widget-text-editor\" data-id=\"6da58ed\" data-element_type=\"widget\" data-widget_type=\"text-editor.default\">\n\t\t\t\t<div class=\"elementor-widget-container\">\n\t\t\t\t\t\t\t<p>ORADOR<\/p>\n\t\t\t\t\t\t<\/div>\n\t\t\t\t<\/div>\n\t\t\t\t<div class=\"elementor-element elementor-element-0ab9b75 elementor-widget elementor-widget-image\" data-id=\"0ab9b75\" data-element_type=\"widget\" data-widget_type=\"image.default\">\n\t\t\t\t<div class=\"elementor-widget-container\">\n\t\t\t\t\t\t\t\t\t\t\t\t\t<img decoding=\"async\" width=\"300\" height=\"300\" src=\"https:\/\/www.eures-andalucia-algarve.eu\/wp-content\/uploads\/2023\/11\/pipe-300x300.jpg\" class=\"attachment-medium size-medium wp-image-10878\" alt=\"\" srcset=\"https:\/\/www.eures-andalucia-algarve.eu\/wp-content\/uploads\/2023\/11\/pipe-300x300.jpg 300w, https:\/\/www.eures-andalucia-algarve.eu\/wp-content\/uploads\/2023\/11\/pipe-150x150.jpg 150w, https:\/\/www.eures-andalucia-algarve.eu\/wp-content\/uploads\/2023\/11\/pipe.jpg 500w\" sizes=\"(max-width: 300px) 100vw, 300px\" \/>\t\t\t\t\t\t\t\t\t\t\t\t\t<\/div>\n\t\t\t\t<\/div>\n\t\t\t\t<div class=\"elementor-element elementor-element-60026db elementor-widget elementor-widget-text-editor\" data-id=\"60026db\" data-element_type=\"widget\" data-widget_type=\"text-editor.default\">\n\t\t\t\t<div class=\"elementor-widget-container\">\n\t\t\t\t\t\t\t<p>Licenciado pela Universidade de Sevilha, \u00e9 advogado desde 1998, tendo iniciado a sua especializa\u00e7\u00e3o em Direito da Imigra\u00e7\u00e3o em 2003 e centrando a sua atividade profissional na defesa de estrangeiros em Espanha e na assist\u00eancia em processos de imigra\u00e7\u00e3o.<\/p>\n\t\t\t\t\t\t<\/div>\n\t\t\t\t<\/div>\n\t\t\t\t<div class=\"elementor-element elementor-element-8811868 elementor-widget elementor-widget-text-editor\" data-id=\"8811868\" data-element_type=\"widget\" data-widget_type=\"text-editor.default\">\n\t\t\t\t<div class=\"elementor-widget-container\">\n\t\t\t\t\t\t\t<p>Em 2008, criou o escrit\u00f3rio MIGROW, a partir do qual presta os seus servi\u00e7os at\u00e9 \u00e0 data. A sua firma tem atualmente escrit\u00f3rios em Huelva, T\u00e2nger, N\u00e1dor e Teer\u00e3o.<\/p>\n\t\t\t\t\t\t<\/div>\n\t\t\t\t<\/div>\n\t\t\t\t<div class=\"elementor-element elementor-element-7395d04 elementor-widget elementor-widget-text-editor\" data-id=\"7395d04\" data-element_type=\"widget\" data-widget_type=\"text-editor.default\">\n\t\t\t\t<div class=\"elementor-widget-container\">\n\t\t\t\t\t\t\t<p>De 2007 a 2015 foi Coordenador da Subcomiss\u00e3o de Imigra\u00e7\u00e3o e Direitos Humanos da Ordem dos Advogados de Huelva e membro da Subcomiss\u00e3o de Imigra\u00e7\u00e3o do Conselho Geral de Advogados e do Conselho Andaluz de Ordens de Advogados.<\/p>\n\t\t\t\t\t\t<\/div>\n\t\t\t\t<\/div>\n\t\t\t\t<div class=\"elementor-element elementor-element-a3ef5c1 elementor-widget elementor-widget-text-editor\" data-id=\"a3ef5c1\" data-element_type=\"widget\" data-widget_type=\"text-editor.default\">\n\t\t\t\t<div class=\"elementor-widget-container\">\n\t\t\t\t\t\t\t<p>Em 2014, foi membro fundador da Associa\u00e7\u00e3o de Advogados Estrangeiros de Espanha e ser\u00e1 o seu presidente de 2018 a 2021. \u00c9 tamb\u00e9m membro fundador e atualmente membro do Conselho de Administra\u00e7\u00e3o da Associa\u00e7\u00e3o EXTRANJERISTAS EN RED e Diretor da revista trimestral EXTRANJER\u00cdA EN RED.<\/p>\n<p><\/p>\t\t\t\t\t\t<\/div>\n\t\t\t\t<\/div>\n\t\t\t\t<div class=\"elementor-element elementor-element-22135db elementor-widget elementor-widget-text-editor\" data-id=\"22135db\" data-element_type=\"widget\" data-widget_type=\"text-editor.default\">\n\t\t\t\t<div class=\"elementor-widget-container\">\n\t\t\t\t\t\t\t<p>Participou como orador em in\u00fameros cursos, semin\u00e1rios e confer\u00eancias sobre esta mat\u00e9ria, sendo diretor e organizador de muitos outros eventos realizados pelos Col\u00e9gio de Advogados de Huelva, Associa\u00e7\u00f5es e Universidades.<\/p>\n\t\t\t\t\t\t<\/div>\n\t\t\t\t<\/div>\n\t\t\t\t\t<\/div>\n\t\t<\/div>\n\t\t\t\t\t<\/div>\n\t\t<\/section>\n\t\t\t\t<\/div>\n\t\t","protected":false},"excerpt":{"rendered":"<p>Primeiro webinar da EUREST AA sobre a mobilidade transfronteiri\u00e7a de trabalhadores de pa\u00edses terceiros O EURES transfronteiri\u00e7o Andaluzia-Algarve, no \u00e2mbito do seu programa de atividades 2022-24, est\u00e1 a realizar uma s\u00e9rie de webinars especializados para analisar as particularidades e os obst\u00e1culos \u00e0 mobilidade laboral transfronteiri\u00e7a dos trabalhadores de pa\u00edses terceiros residentes nestas duas regi\u00f5es de [&hellip;]<\/p>\n","protected":false},"author":1,"featured_media":10859,"comment_status":"closed","ping_status":"open","sticky":false,"template":"elementor_header_footer","format":"standard","meta":{"om_disable_all_campaigns":false,"inline_featured_image":false,"_monsterinsights_skip_tracking":false,"_monsterinsights_sitenote_active":false,"_monsterinsights_sitenote_note":"","_monsterinsights_sitenote_category":0,"cybocfi_hide_featured_image":"","footnotes":"","_links_to":"","_links_to_target":""},"categories":[249,250],"tags":[252],"aioseo_notices":[],"_links":{"self":[{"href":"https:\/\/www.eures-andalucia-algarve.eu\/pt-pt\/wp-json\/wp\/v2\/posts\/13769"}],"collection":[{"href":"https:\/\/www.eures-andalucia-algarve.eu\/pt-pt\/wp-json\/wp\/v2\/posts"}],"about":[{"href":"https:\/\/www.eures-andalucia-algarve.eu\/pt-pt\/wp-json\/wp\/v2\/types\/post"}],"author":[{"embeddable":true,"href":"https:\/\/www.eures-andalucia-algarve.eu\/pt-pt\/wp-json\/wp\/v2\/users\/1"}],"replies":[{"embeddable":true,"href":"https:\/\/www.eures-andalucia-algarve.eu\/pt-pt\/wp-json\/wp\/v2\/comments?post=13769"}],"version-history":[{"count":7,"href":"https:\/\/www.eures-andalucia-algarve.eu\/pt-pt\/wp-json\/wp\/v2\/posts\/13769\/revisions"}],"predecessor-version":[{"id":13785,"href":"https:\/\/www.eures-andalucia-algarve.eu\/pt-pt\/wp-json\/wp\/v2\/posts\/13769\/revisions\/13785"}],"wp:featuredmedia":[{"embeddable":true,"href":"https:\/\/www.eures-andalucia-algarve.eu\/pt-pt\/wp-json\/wp\/v2\/media\/10859"}],"wp:attachment":[{"href":"https:\/\/www.eures-andalucia-algarve.eu\/pt-pt\/wp-json\/wp\/v2\/media?parent=13769"}],"wp:term":[{"taxonomy":"category","embeddable":true,"href":"https:\/\/www.eures-andalucia-algarve.eu\/pt-pt\/wp-json\/wp\/v2\/categories?post=13769"},{"taxonomy":"post_tag","embeddable":true,"href":"https:\/\/www.eures-andalucia-algarve.eu\/pt-pt\/wp-json\/wp\/v2\/tags?post=13769"}],"curies":[{"name":"wp","href":"https:\/\/api.w.org\/{rel}","templated":true}]}}