{"id":11650,"date":"2023-05-05T13:44:13","date_gmt":"2023-05-05T11:44:13","guid":{"rendered":"https:\/\/www.eures-andalucia-algarve.eu\/?p=11650"},"modified":"2023-11-09T11:01:08","modified_gmt":"2023-11-09T10:01:08","slug":"ficha-resumen-webinar-cea-introduccion-al-mercado-laboral-busqueda-de-empleo-publicacion-de-ofertas-y-mecanismos-de-contratacion-en-andalucia-y-el-algarve-2","status":"publish","type":"post","link":"https:\/\/www.eures-andalucia-algarve.eu\/pt-pt\/ficha-resumen-webinar-cea-introduccion-al-mercado-laboral-busqueda-de-empleo-publicacion-de-ofertas-y-mecanismos-de-contratacion-en-andalucia-y-el-algarve-2\/","title":{"rendered":"Ficha resumen webinar CEA &#8220;Introducci\u00f3n al mercado laboral, b\u00fasqueda de empleo, publicaci\u00f3n de ofertas y mecanismos de contrataci\u00f3n en Andaluc\u00eda y el Algarve"},"content":{"rendered":"\t\t<div data-elementor-type=\"wp-post\" data-elementor-id=\"11650\" class=\"elementor elementor-11650\">\n\t\t\t\t<div class=\"elementor-element elementor-element-50751532 e-flex e-con-boxed wpr-particle-no wpr-jarallax-no wpr-parallax-no wpr-sticky-section-no e-con e-parent\" data-id=\"50751532\" data-element_type=\"container\" data-settings=\"{&quot;content_width&quot;:&quot;boxed&quot;}\" data-core-v316-plus=\"true\">\n\t\t\t\t\t<div class=\"e-con-inner\">\n\t\t\t\t<div class=\"elementor-element elementor-element-dea1afc elementor-widget elementor-widget-image\" data-id=\"dea1afc\" data-element_type=\"widget\" data-widget_type=\"image.default\">\n\t\t\t\t<div class=\"elementor-widget-container\">\n\t\t\t<style>\/*! elementor - v3.19.0 - 28-02-2024 *\/\n.elementor-widget-image{text-align:center}.elementor-widget-image a{display:inline-block}.elementor-widget-image a img[src$=\".svg\"]{width:48px}.elementor-widget-image img{vertical-align:middle;display:inline-block}<\/style>\t\t\t\t\t\t\t\t\t\t<img fetchpriority=\"high\" decoding=\"async\" width=\"1200\" height=\"628\" src=\"https:\/\/www.eures-andalucia-algarve.eu\/wp-content\/uploads\/2023\/05\/tarjetoneen-cuestiones-administrativas-fiscales_1-2.jpg\" class=\"attachment-1536x1536 size-1536x1536 wp-image-11845\" alt=\"\" srcset=\"https:\/\/www.eures-andalucia-algarve.eu\/wp-content\/uploads\/2023\/05\/tarjetoneen-cuestiones-administrativas-fiscales_1-2.jpg 1200w, https:\/\/www.eures-andalucia-algarve.eu\/wp-content\/uploads\/2023\/05\/tarjetoneen-cuestiones-administrativas-fiscales_1-2-300x157.jpg 300w, https:\/\/www.eures-andalucia-algarve.eu\/wp-content\/uploads\/2023\/05\/tarjetoneen-cuestiones-administrativas-fiscales_1-2-1024x536.jpg 1024w, https:\/\/www.eures-andalucia-algarve.eu\/wp-content\/uploads\/2023\/05\/tarjetoneen-cuestiones-administrativas-fiscales_1-2-768x402.jpg 768w\" sizes=\"(max-width: 1200px) 100vw, 1200px\" \/>\t\t\t\t\t\t\t\t\t\t\t\t\t<\/div>\n\t\t\t\t<\/div>\n\t\t\t\t<div class=\"elementor-element elementor-element-0b37e3d elementor-widget elementor-widget-heading\" data-id=\"0b37e3d\" data-element_type=\"widget\" data-widget_type=\"heading.default\">\n\t\t\t\t<div class=\"elementor-widget-container\">\n\t\t\t<style>\/*! elementor - v3.19.0 - 28-02-2024 *\/\n.elementor-heading-title{padding:0;margin:0;line-height:1}.elementor-widget-heading .elementor-heading-title[class*=elementor-size-]>a{color:inherit;font-size:inherit;line-height:inherit}.elementor-widget-heading .elementor-heading-title.elementor-size-small{font-size:15px}.elementor-widget-heading .elementor-heading-title.elementor-size-medium{font-size:19px}.elementor-widget-heading .elementor-heading-title.elementor-size-large{font-size:29px}.elementor-widget-heading .elementor-heading-title.elementor-size-xl{font-size:39px}.elementor-widget-heading .elementor-heading-title.elementor-size-xxl{font-size:59px}<\/style><h2 class=\"elementor-heading-title elementor-size-default\">Ficha resumen webinar CEA \u00abIntroducci\u00f3n al mercado laboral, b\u00fasqueda de empleo, publicaci\u00f3n de ofertas y mecanismos de contrataci\u00f3n en Andaluc\u00eda y el Algarve\n<\/h2>\t\t<\/div>\n\t\t\t\t<\/div>\n\t\t\t\t<div class=\"elementor-element elementor-element-1bc67651 elementor-widget elementor-widget-text-editor\" data-id=\"1bc67651\" data-element_type=\"widget\" data-widget_type=\"text-editor.default\">\n\t\t\t\t<div class=\"elementor-widget-container\">\n\t\t\t<style>\/*! elementor - v3.19.0 - 28-02-2024 *\/\n.elementor-widget-text-editor.elementor-drop-cap-view-stacked .elementor-drop-cap{background-color:#69727d;color:#fff}.elementor-widget-text-editor.elementor-drop-cap-view-framed .elementor-drop-cap{color:#69727d;border:3px solid;background-color:transparent}.elementor-widget-text-editor:not(.elementor-drop-cap-view-default) .elementor-drop-cap{margin-top:8px}.elementor-widget-text-editor:not(.elementor-drop-cap-view-default) .elementor-drop-cap-letter{width:1em;height:1em}.elementor-widget-text-editor .elementor-drop-cap{float:left;text-align:center;line-height:1;font-size:50px}.elementor-widget-text-editor .elementor-drop-cap-letter{display:inline-block}<\/style>\t\t\t\t<p>Desc\u00e1rgate <a style=\"color: #01005e;\" href=\"https:\/\/www.eures-andalucia-algarve.eu\/wp-content\/uploads\/webinar-cea1-2023.pdf\">AQU\u00cd<\/a> la ficha resumen del webinar organizado por la CEA sobre aspectos b\u00e1sicos a considerar en la b\u00fasqueda de empleo, publicaci\u00f3n de ofertas y mecanismos de contrataci\u00f3n en Andaluc\u00eda y el Algarve.<\/p><p>Y <a style=\"color: #01005e;\" href=\"https:\/\/confempresariosandalucia-my.sharepoint.com\/personal\/mguardiola_cea_es\/_layouts\/15\/stream.aspx?id=%2Fpersonal%2Fmguardiola%5Fcea%5Fes%2FDocuments%2FEURES%202022%2F2023%5F04%5F19%2Emp4&amp;ga=1\" target=\"_blank\" rel=\"noopener\">AQUI<\/a> puedes ver el webinar completo.<\/p><hr \/>\t\t\t\t\t\t<\/div>\n\t\t\t\t<\/div>\n\t\t\t\t\t<\/div>\n\t\t\t\t<\/div>\n\t\t\t\t<\/div>\n\t\t","protected":false},"excerpt":{"rendered":"<p>Ficha resumen webinar CEA \u00abIntroducci\u00f3n al mercado laboral, b\u00fasqueda de empleo, publicaci\u00f3n de ofertas y mecanismos de contrataci\u00f3n en Andaluc\u00eda y el Algarve Desc\u00e1rgate AQU\u00cd la ficha resumen del webinar organizado por la CEA sobre aspectos b\u00e1sicos a considerar en la b\u00fasqueda de empleo, publicaci\u00f3n de ofertas y mecanismos de contrataci\u00f3n en Andaluc\u00eda y el [&hellip;]<\/p>\n","protected":false},"author":1,"featured_media":11845,"comment_status":"closed","ping_status":"open","sticky":false,"template":"elementor_header_footer","format":"standard","meta":{"om_disable_all_campaigns":false,"inline_featured_image":false,"_monsterinsights_skip_tracking":false,"_monsterinsights_sitenote_active":false,"_monsterinsights_sitenote_note":"","_monsterinsights_sitenote_category":0,"cybocfi_hide_featured_image":"","footnotes":"","_links_to":"","_links_to_target":""},"categories":[135,77],"tags":[],"aioseo_notices":[],"_links":{"self":[{"href":"https:\/\/www.eures-andalucia-algarve.eu\/pt-pt\/wp-json\/wp\/v2\/posts\/11650"}],"collection":[{"href":"https:\/\/www.eures-andalucia-algarve.eu\/pt-pt\/wp-json\/wp\/v2\/posts"}],"about":[{"href":"https:\/\/www.eures-andalucia-algarve.eu\/pt-pt\/wp-json\/wp\/v2\/types\/post"}],"author":[{"embeddable":true,"href":"https:\/\/www.eures-andalucia-algarve.eu\/pt-pt\/wp-json\/wp\/v2\/users\/1"}],"replies":[{"embeddable":true,"href":"https:\/\/www.eures-andalucia-algarve.eu\/pt-pt\/wp-json\/wp\/v2\/comments?post=11650"}],"version-history":[{"count":19,"href":"https:\/\/www.eures-andalucia-algarve.eu\/pt-pt\/wp-json\/wp\/v2\/posts\/11650\/revisions"}],"predecessor-version":[{"id":11865,"href":"https:\/\/www.eures-andalucia-algarve.eu\/pt-pt\/wp-json\/wp\/v2\/posts\/11650\/revisions\/11865"}],"wp:featuredmedia":[{"embeddable":true,"href":"https:\/\/www.eures-andalucia-algarve.eu\/pt-pt\/wp-json\/wp\/v2\/media\/11845"}],"wp:attachment":[{"href":"https:\/\/www.eures-andalucia-algarve.eu\/pt-pt\/wp-json\/wp\/v2\/media?parent=11650"}],"wp:term":[{"taxonomy":"category","embeddable":true,"href":"https:\/\/www.eures-andalucia-algarve.eu\/pt-pt\/wp-json\/wp\/v2\/categories?post=11650"},{"taxonomy":"post_tag","embeddable":true,"href":"https:\/\/www.eures-andalucia-algarve.eu\/pt-pt\/wp-json\/wp\/v2\/tags?post=11650"}],"curies":[{"name":"wp","href":"https:\/\/api.w.org\/{rel}","templated":true}]}}