{"id":11277,"date":"2018-10-16T09:25:23","date_gmt":"2018-10-16T07:25:23","guid":{"rendered":"https:\/\/www.eures-andalucia-algarve.eu\/?p=1333"},"modified":"2023-11-09T16:26:36","modified_gmt":"2023-11-09T15:26:36","slug":"o-eures-transfronteirico-algarve-andaluzia-na-feira-da-juventude-qualificacao-e-inclusao-em-tavira","status":"publish","type":"post","link":"https:\/\/www.eures-andalucia-algarve.eu\/pt-pt\/o-eures-transfronteirico-algarve-andaluzia-na-feira-da-juventude-qualificacao-e-inclusao-em-tavira\/","title":{"rendered":"O EURES TRANSFRONTEIRI\u00c7O ALGARVE- ANDALUZIA NA FEIRA DA JUVENTUDE, QUALIFICA\u00c7\u00c3O E INCLUS\u00c3O, EM TAVIRA"},"content":{"rendered":"\t\t<div data-elementor-type=\"wp-post\" data-elementor-id=\"11277\" class=\"elementor elementor-11277\">\n\t\t\t\t<div class=\"elementor-element elementor-element-59c70100 e-flex e-con-boxed wpr-particle-no wpr-jarallax-no wpr-parallax-no wpr-sticky-section-no e-con e-parent\" data-id=\"59c70100\" data-element_type=\"container\" data-settings=\"{&quot;content_width&quot;:&quot;boxed&quot;}\" data-core-v316-plus=\"true\">\n\t\t\t\t\t<div class=\"e-con-inner\">\n\t\t\t\t<div class=\"elementor-element elementor-element-7281ecb elementor-widget elementor-widget-image\" data-id=\"7281ecb\" data-element_type=\"widget\" data-widget_type=\"image.default\">\n\t\t\t\t<div class=\"elementor-widget-container\">\n\t\t\t<style>\/*! elementor - v3.19.0 - 28-02-2024 *\/\n.elementor-widget-image{text-align:center}.elementor-widget-image a{display:inline-block}.elementor-widget-image a img[src$=\".svg\"]{width:48px}.elementor-widget-image img{vertical-align:middle;display:inline-block}<\/style>\t\t\t\t\t\t\t\t\t\t<img decoding=\"async\" src=\"https:\/\/www.eures-andalucia-algarve.eu\/wp-content\/uploads\/2018\/10\/tavira2.png\" title=\"\" alt=\"\" loading=\"lazy\" \/>\t\t\t\t\t\t\t\t\t\t\t\t\t<\/div>\n\t\t\t\t<\/div>\n\t\t\t\t<div class=\"elementor-element elementor-element-85a6117 elementor-widget elementor-widget-heading\" data-id=\"85a6117\" data-element_type=\"widget\" data-widget_type=\"heading.default\">\n\t\t\t\t<div class=\"elementor-widget-container\">\n\t\t\t<style>\/*! elementor - v3.19.0 - 28-02-2024 *\/\n.elementor-heading-title{padding:0;margin:0;line-height:1}.elementor-widget-heading .elementor-heading-title[class*=elementor-size-]>a{color:inherit;font-size:inherit;line-height:inherit}.elementor-widget-heading .elementor-heading-title.elementor-size-small{font-size:15px}.elementor-widget-heading .elementor-heading-title.elementor-size-medium{font-size:19px}.elementor-widget-heading .elementor-heading-title.elementor-size-large{font-size:29px}.elementor-widget-heading .elementor-heading-title.elementor-size-xl{font-size:39px}.elementor-widget-heading .elementor-heading-title.elementor-size-xxl{font-size:59px}<\/style><h2 class=\"elementor-heading-title elementor-size-default\">O Eures transfronteiri\u00e7o Algarve-Andaluzia na feira da juventude, qualifica\u00e7\u00e3o e inclus\u00e3o, em Tavira<\/h2>\t\t<\/div>\n\t\t\t\t<\/div>\n\t\t\t\t<div class=\"elementor-element elementor-element-197530b elementor-widget elementor-widget-heading\" data-id=\"197530b\" data-element_type=\"widget\" data-widget_type=\"heading.default\">\n\t\t\t\t<div class=\"elementor-widget-container\">\n\t\t\t<h5 class=\"elementor-heading-title elementor-size-default\">EURES Transfronteiri\u00e7o Andaluzia \u2013 Algarve participou, nos dias 21 e 22 de setembro, na feira da Juventude, Qualifica\u00e7\u00e3o e Inclus\u00e3o, em Tavira, procedendo \u00e0 divulga\u00e7\u00e3o dos seus servi\u00e7os aos jovens e ao p\u00fablico em geral<\/h5>\t\t<\/div>\n\t\t\t\t<\/div>\n\t\t\t\t<div class=\"elementor-element elementor-element-44db1dc elementor-widget elementor-widget-text-editor\" data-id=\"44db1dc\" data-element_type=\"widget\" data-widget_type=\"text-editor.default\">\n\t\t\t\t<div class=\"elementor-widget-container\">\n\t\t\t<style>\/*! elementor - v3.19.0 - 28-02-2024 *\/\n.elementor-widget-text-editor.elementor-drop-cap-view-stacked .elementor-drop-cap{background-color:#69727d;color:#fff}.elementor-widget-text-editor.elementor-drop-cap-view-framed .elementor-drop-cap{color:#69727d;border:3px solid;background-color:transparent}.elementor-widget-text-editor:not(.elementor-drop-cap-view-default) .elementor-drop-cap{margin-top:8px}.elementor-widget-text-editor:not(.elementor-drop-cap-view-default) .elementor-drop-cap-letter{width:1em;height:1em}.elementor-widget-text-editor .elementor-drop-cap{float:left;text-align:center;line-height:1;font-size:50px}.elementor-widget-text-editor .elementor-drop-cap-letter{display:inline-block}<\/style>\t\t\t\t<p>Nos dias 21 a 23 de setembro, decorreu a feira da Juventude, Qualifica\u00e7\u00e3o e Inclus\u00e3o, em Tavira na pra\u00e7a da Rep\u00fablica, organizado pelo Munic\u00edpio de Tavira e integrada na Semana da Juventude.<\/p><p>A feira da juventude constitui uma mostra de projetos dinamizadores por v\u00e1rias entidades com trabalho nas \u00e1reas da juventude, forma\u00e7\u00e3o, qualifica\u00e7\u00e3o, inclus\u00e3o social e intergeracionalidade.<\/p>\t\t\t\t\t\t<\/div>\n\t\t\t\t<\/div>\n\t\t\t\t<div class=\"elementor-element elementor-element-df3fe5f elementor-widget elementor-widget-image\" data-id=\"df3fe5f\" data-element_type=\"widget\" data-widget_type=\"image.default\">\n\t\t\t\t<div class=\"elementor-widget-container\">\n\t\t\t\t\t\t\t\t\t\t\t\t\t<img fetchpriority=\"high\" decoding=\"async\" width=\"300\" height=\"238\" src=\"https:\/\/www.eures-andalucia-algarve.eu\/wp-content\/uploads\/2018\/10\/tavira-2-300x238-1.png\" class=\"attachment-large size-large wp-image-12044\" alt=\"\" \/>\t\t\t\t\t\t\t\t\t\t\t\t\t<\/div>\n\t\t\t\t<\/div>\n\t\t\t\t<div class=\"elementor-element elementor-element-2a3e5a1 elementor-widget elementor-widget-text-editor\" data-id=\"2a3e5a1\" data-element_type=\"widget\" data-widget_type=\"text-editor.default\">\n\t\t\t\t<div class=\"elementor-widget-container\">\n\t\t\t\t\t\t\t<p>A par de outras entidades locais e regionais presentes na feira (Universidade do Algarve, IPDJ, Associa\u00e7\u00f5es Juvenis, etc) o IEFP \u2013 Instituto de Emprego e Forma\u00e7\u00e3o Profissional, esteve tamb\u00e9m presente, com a dinamiza\u00e7\u00e3o do <b>Servi\u00e7o de Emprego de VRSA<\/b>, divulgando entre outros programas e medidas, a EURES e a EURES Transfronteiri\u00e7o Andaluzia -Algarve.<\/p>\n<p>Os jovens e o p\u00fablico em geral tiveram a oportunidade de obter informa\u00e7\u00e3o sobre os servi\u00e7os que a EURES Transfronteiri\u00e7o Andaluzia-Algarve disponibiliza para apoiar na defini\u00e7\u00e3o do seu projeto de mobilidade e na resolu\u00e7\u00e3o de quest\u00f5es concretas e esclarecimento de d\u00favidas espec\u00edficas que possam surgir durante o processo de procura de emprego ou mesmo ap\u00f3s encontrar um emprego no pais vizinho.<\/p>\n<p>O balan\u00e7o da edi\u00e7\u00e3o deste evento foi bastante positivo, tendo-se constatado um grande envolvimento quer dos jovens, quer dos diversos t\u00e9cnicos e entidades locais e regionais que contribu\u00edram para o sucesso desta iniciativa.<\/p>\t\t\t\t\t\t<\/div>\n\t\t\t\t<\/div>\n\t\t\t\t\t<\/div>\n\t\t\t\t<\/div>\n\t\t\t\t<\/div>\n\t\t","protected":false},"excerpt":{"rendered":"<p>O Eures transfronteiri\u00e7o Algarve-Andaluzia na feira da juventude, qualifica\u00e7\u00e3o e inclus\u00e3o, em Tavira EURES Transfronteiri\u00e7o Andaluzia \u2013 Algarve participou, nos dias 21 e 22 de setembro, na feira da Juventude, Qualifica\u00e7\u00e3o e Inclus\u00e3o, em Tavira, procedendo \u00e0 divulga\u00e7\u00e3o dos seus servi\u00e7os aos jovens e ao p\u00fablico em geral Nos dias 21 a 23 de setembro, [&hellip;]<\/p>\n","protected":false},"author":1,"featured_media":11419,"comment_status":"closed","ping_status":"open","sticky":false,"template":"elementor_header_footer","format":"standard","meta":{"om_disable_all_campaigns":false,"inline_featured_image":false,"_monsterinsights_skip_tracking":false,"_monsterinsights_sitenote_active":false,"_monsterinsights_sitenote_note":"","_monsterinsights_sitenote_category":0,"cybocfi_hide_featured_image":"","footnotes":"","_links_to":"","_links_to_target":""},"categories":[37,135],"tags":[],"aioseo_notices":[],"_links":{"self":[{"href":"https:\/\/www.eures-andalucia-algarve.eu\/pt-pt\/wp-json\/wp\/v2\/posts\/11277"}],"collection":[{"href":"https:\/\/www.eures-andalucia-algarve.eu\/pt-pt\/wp-json\/wp\/v2\/posts"}],"about":[{"href":"https:\/\/www.eures-andalucia-algarve.eu\/pt-pt\/wp-json\/wp\/v2\/types\/post"}],"author":[{"embeddable":true,"href":"https:\/\/www.eures-andalucia-algarve.eu\/pt-pt\/wp-json\/wp\/v2\/users\/1"}],"replies":[{"embeddable":true,"href":"https:\/\/www.eures-andalucia-algarve.eu\/pt-pt\/wp-json\/wp\/v2\/comments?post=11277"}],"version-history":[{"count":34,"href":"https:\/\/www.eures-andalucia-algarve.eu\/pt-pt\/wp-json\/wp\/v2\/posts\/11277\/revisions"}],"predecessor-version":[{"id":12078,"href":"https:\/\/www.eures-andalucia-algarve.eu\/pt-pt\/wp-json\/wp\/v2\/posts\/11277\/revisions\/12078"}],"wp:featuredmedia":[{"embeddable":true,"href":"https:\/\/www.eures-andalucia-algarve.eu\/pt-pt\/wp-json\/wp\/v2\/media\/11419"}],"wp:attachment":[{"href":"https:\/\/www.eures-andalucia-algarve.eu\/pt-pt\/wp-json\/wp\/v2\/media?parent=11277"}],"wp:term":[{"taxonomy":"category","embeddable":true,"href":"https:\/\/www.eures-andalucia-algarve.eu\/pt-pt\/wp-json\/wp\/v2\/categories?post=11277"},{"taxonomy":"post_tag","embeddable":true,"href":"https:\/\/www.eures-andalucia-algarve.eu\/pt-pt\/wp-json\/wp\/v2\/tags?post=11277"}],"curies":[{"name":"wp","href":"https:\/\/api.w.org\/{rel}","templated":true}]}}