{"id":11259,"date":"2019-10-30T09:18:35","date_gmt":"2019-10-30T08:18:35","guid":{"rendered":"https:\/\/www.eures-andalucia-algarve.eu\/?p=2530"},"modified":"2023-11-10T09:12:01","modified_gmt":"2023-11-10T08:12:01","slug":"el-eures-t-andalucia-algarve-prestara-hoy-sus-servicios-en-el-work-in-portugal-2019","status":"publish","type":"post","link":"https:\/\/www.eures-andalucia-algarve.eu\/pt-pt\/el-eures-t-andalucia-algarve-prestara-hoy-sus-servicios-en-el-work-in-portugal-2019\/","title":{"rendered":"El EURES-T Andaluc\u00eda-Algarve prestar\u00e1 hoy sus servicios en el WORK IN PORTUGAL 2019"},"content":{"rendered":"\t\t<div data-elementor-type=\"wp-post\" data-elementor-id=\"11259\" class=\"elementor elementor-11259\">\n\t\t\t\t<div class=\"elementor-element elementor-element-69105c51 e-flex e-con-boxed wpr-particle-no wpr-jarallax-no wpr-parallax-no wpr-sticky-section-no e-con e-parent\" data-id=\"69105c51\" data-element_type=\"container\" data-settings=\"{&quot;content_width&quot;:&quot;boxed&quot;}\" data-core-v316-plus=\"true\">\n\t\t\t\t\t<div class=\"e-con-inner\">\n\t\t\t\t<div class=\"elementor-element elementor-element-fc4e72a elementor-widget elementor-widget-image\" data-id=\"fc4e72a\" data-element_type=\"widget\" data-widget_type=\"image.default\">\n\t\t\t\t<div class=\"elementor-widget-container\">\n\t\t\t<style>\/*! elementor - v3.19.0 - 28-02-2024 *\/\n.elementor-widget-image{text-align:center}.elementor-widget-image a{display:inline-block}.elementor-widget-image a img[src$=\".svg\"]{width:48px}.elementor-widget-image img{vertical-align:middle;display:inline-block}<\/style>\t\t\t\t\t\t\t\t\t\t<img decoding=\"async\" src=\"https:\/\/www.eures-andalucia-algarve.eu\/wp-content\/uploads\/2019\/10\/work-in-portugal-2019-banner.jpg\" title=\"\" alt=\"\" loading=\"lazy\" \/>\t\t\t\t\t\t\t\t\t\t\t\t\t<\/div>\n\t\t\t\t<\/div>\n\t\t\t\t<div class=\"elementor-element elementor-element-35e6914 elementor-widget elementor-widget-heading\" data-id=\"35e6914\" data-element_type=\"widget\" data-widget_type=\"heading.default\">\n\t\t\t\t<div class=\"elementor-widget-container\">\n\t\t\t<style>\/*! elementor - v3.19.0 - 28-02-2024 *\/\n.elementor-heading-title{padding:0;margin:0;line-height:1}.elementor-widget-heading .elementor-heading-title[class*=elementor-size-]>a{color:inherit;font-size:inherit;line-height:inherit}.elementor-widget-heading .elementor-heading-title.elementor-size-small{font-size:15px}.elementor-widget-heading .elementor-heading-title.elementor-size-medium{font-size:19px}.elementor-widget-heading .elementor-heading-title.elementor-size-large{font-size:29px}.elementor-widget-heading .elementor-heading-title.elementor-size-xl{font-size:39px}.elementor-widget-heading .elementor-heading-title.elementor-size-xxl{font-size:59px}<\/style><h2 class=\"elementor-heading-title elementor-size-default\">El EURES-T Andaluc\u00eda-Algarve prestar\u00e1 hoy sus servicios en el WORK IN PORTUGAL 2019\n<\/h2>\t\t<\/div>\n\t\t\t\t<\/div>\n\t\t\t\t<div class=\"elementor-element elementor-element-6bf0c88b elementor-widget elementor-widget-text-editor\" data-id=\"6bf0c88b\" data-element_type=\"widget\" data-widget_type=\"text-editor.default\">\n\t\t\t\t<div class=\"elementor-widget-container\">\n\t\t\t<style>\/*! elementor - v3.19.0 - 28-02-2024 *\/\n.elementor-widget-text-editor.elementor-drop-cap-view-stacked .elementor-drop-cap{background-color:#69727d;color:#fff}.elementor-widget-text-editor.elementor-drop-cap-view-framed .elementor-drop-cap{color:#69727d;border:3px solid;background-color:transparent}.elementor-widget-text-editor:not(.elementor-drop-cap-view-default) .elementor-drop-cap{margin-top:8px}.elementor-widget-text-editor:not(.elementor-drop-cap-view-default) .elementor-drop-cap-letter{width:1em;height:1em}.elementor-widget-text-editor .elementor-drop-cap{float:left;text-align:center;line-height:1;font-size:50px}.elementor-widget-text-editor .elementor-drop-cap-letter{display:inline-block}<\/style>\t\t\t\t<p>T\u00e9cnicos del Servicio Andaluz de Empleo (SAE) y el Instituto de Empleo y Formaci\u00f3n Profesional portugu\u00e9s (IEFP) atender\u00e1n hoy desde Faro las peticiones de informaci\u00f3n que formulen aquellos residentes en Espa\u00f1a que se planteen trabajar en Portugal como transfronterizo.<\/p><p>De esta forma el EURES-T Andaluc\u00eda-Algarve se suma a la ya larga lista de empresas y entidades registradas como exhibidoras en esta exitosa feria virtual de empleo que en su primera edici\u00f3n del a\u00f1o pasado ya logr\u00f3 captar m\u00e1s de 650 puestos de trabajo.<\/p><p>Los t\u00e9cnicos de referencia de la Ventanilla \u00danica del EURES-T en Andaluc\u00eda y el Algarve estar\u00e1n desde las 10:00 a las 18:00 hrs, accesibles a trav\u00e9s del chat durante toda la jornada de hoy mi\u00e9rcoles, 30 de octubre, para resolver dudas y cuestiones espec\u00edficas sobre los diferentes aspectos afectantes a la movilidad laboral transfronteriza como prestaciones de Seguridad Social, asistencia sanitaria, fiscalidad, permisos especiales, reconocimiento de t\u00edtulos, etc&#8230;<\/p><p>La presente edici\u00f3n de WORK IN PORTUGAL 2019 tiene 46 expositores registrados con una oferta total de m\u00e1s de 400 vacantes de empleo en sectores tales como la hosteler\u00eda, las TICS, los servicios de atenci\u00f3n a clientes y la ingenier\u00eda.<\/p>\t\t\t\t\t\t<\/div>\n\t\t\t\t<\/div>\n\t\t\t\t<div class=\"elementor-element elementor-element-d465f14 elementor-widget elementor-widget-image\" data-id=\"d465f14\" data-element_type=\"widget\" data-widget_type=\"image.default\">\n\t\t\t\t<div class=\"elementor-widget-container\">\n\t\t\t\t\t\t\t\t\t\t\t\t\t<img fetchpriority=\"high\" decoding=\"async\" width=\"567\" height=\"603\" src=\"https:\/\/www.eures-andalucia-algarve.eu\/wp-content\/uploads\/2019\/10\/aui-estamos.jpg\" class=\"attachment-large size-large wp-image-12350\" alt=\"\" srcset=\"https:\/\/www.eures-andalucia-algarve.eu\/wp-content\/uploads\/2019\/10\/aui-estamos.jpg 567w, https:\/\/www.eures-andalucia-algarve.eu\/wp-content\/uploads\/2019\/10\/aui-estamos-282x300.jpg 282w\" sizes=\"(max-width: 567px) 100vw, 567px\" \/>\t\t\t\t\t\t\t\t\t\t\t\t\t<\/div>\n\t\t\t\t<\/div>\n\t\t\t\t<div class=\"elementor-element elementor-element-1e9095a elementor-widget elementor-widget-text-editor\" data-id=\"1e9095a\" data-element_type=\"widget\" data-widget_type=\"text-editor.default\">\n\t\t\t\t<div class=\"elementor-widget-container\">\n\t\t\t\t\t\t\t<p>Gracias a esta feria de empleo virtual podr\u00e1s contactar con las empresas participantes, agendar entrevistas online y candidatarte a las ofertas de empleo anunciadas. Durante la jornada tambi\u00e9n podr\u00e1s seguir peque\u00f1as sesiones informativas sobre condiciones de vida y trabajo en Portugal. Solo necesitas tener un m\u00f3vil cerca de t\u00ed.<\/p><p>Reg\u00edstrate ahora en <a style=\"color: #01005e;\" href=\"http:\/\/www.europeanjobdays.eu\/workinportugal2019\" target=\"_top\" rel=\"noopener noreferrer\">www.europeanjobdays.eu\/workinportugal2019<\/a>.<\/p><p>La participaci\u00f3n es gratuita pero el registro previo es obligatorio si quieres candiadatarte a las ofertas de empleo y acceder a las entrevistas.<\/p><p><a style=\"color: #01005e;\" href=\"https:\/\/youtu.be\/AD4DJc5wHIo\">https:\/\/youtu.be\/AD4DJc5wHIo<\/a><\/p>\t\t\t\t\t\t<\/div>\n\t\t\t\t<\/div>\n\t\t\t\t\t<\/div>\n\t\t\t\t<\/div>\n\t\t\t\t<\/div>\n\t\t","protected":false},"excerpt":{"rendered":"<p>El EURES-T Andaluc\u00eda-Algarve prestar\u00e1 hoy sus servicios en el WORK IN PORTUGAL 2019 T\u00e9cnicos del Servicio Andaluz de Empleo (SAE) y el Instituto de Empleo y Formaci\u00f3n Profesional portugu\u00e9s (IEFP) atender\u00e1n hoy desde Faro las peticiones de informaci\u00f3n que formulen aquellos residentes en Espa\u00f1a que se planteen trabajar en Portugal como transfronterizo.De esta forma el [&hellip;]<\/p>\n","protected":false},"author":1,"featured_media":11377,"comment_status":"closed","ping_status":"open","sticky":false,"template":"elementor_header_footer","format":"standard","meta":{"om_disable_all_campaigns":false,"inline_featured_image":false,"_monsterinsights_skip_tracking":false,"_monsterinsights_sitenote_active":false,"_monsterinsights_sitenote_note":"","_monsterinsights_sitenote_category":0,"cybocfi_hide_featured_image":"","footnotes":"","_links_to":"","_links_to_target":""},"categories":[37,135],"tags":[],"aioseo_notices":[],"_links":{"self":[{"href":"https:\/\/www.eures-andalucia-algarve.eu\/pt-pt\/wp-json\/wp\/v2\/posts\/11259"}],"collection":[{"href":"https:\/\/www.eures-andalucia-algarve.eu\/pt-pt\/wp-json\/wp\/v2\/posts"}],"about":[{"href":"https:\/\/www.eures-andalucia-algarve.eu\/pt-pt\/wp-json\/wp\/v2\/types\/post"}],"author":[{"embeddable":true,"href":"https:\/\/www.eures-andalucia-algarve.eu\/pt-pt\/wp-json\/wp\/v2\/users\/1"}],"replies":[{"embeddable":true,"href":"https:\/\/www.eures-andalucia-algarve.eu\/pt-pt\/wp-json\/wp\/v2\/comments?post=11259"}],"version-history":[{"count":4,"href":"https:\/\/www.eures-andalucia-algarve.eu\/pt-pt\/wp-json\/wp\/v2\/posts\/11259\/revisions"}],"predecessor-version":[{"id":12354,"href":"https:\/\/www.eures-andalucia-algarve.eu\/pt-pt\/wp-json\/wp\/v2\/posts\/11259\/revisions\/12354"}],"wp:featuredmedia":[{"embeddable":true,"href":"https:\/\/www.eures-andalucia-algarve.eu\/pt-pt\/wp-json\/wp\/v2\/media\/11377"}],"wp:attachment":[{"href":"https:\/\/www.eures-andalucia-algarve.eu\/pt-pt\/wp-json\/wp\/v2\/media?parent=11259"}],"wp:term":[{"taxonomy":"category","embeddable":true,"href":"https:\/\/www.eures-andalucia-algarve.eu\/pt-pt\/wp-json\/wp\/v2\/categories?post=11259"},{"taxonomy":"post_tag","embeddable":true,"href":"https:\/\/www.eures-andalucia-algarve.eu\/pt-pt\/wp-json\/wp\/v2\/tags?post=11259"}],"curies":[{"name":"wp","href":"https:\/\/api.w.org\/{rel}","templated":true}]}}